{"id":3031,"date":"2024-07-10T06:00:55","date_gmt":"2024-07-10T06:00:55","guid":{"rendered":"http:\/\/elregionaldigital.info\/?p=3031"},"modified":"2024-07-11T06:01:20","modified_gmt":"2024-07-11T06:01:20","slug":"empiezan-en-la-uat-los-foros-sobre-la-reforma-al-poder-judicial-de-la-federacion","status":"publish","type":"post","link":"https:\/\/elregionaldigital.info\/?p=3031","title":{"rendered":"Empiezan en la UAT los foros sobre la reforma al Poder Judicial de la Federaci\u00f3n"},"content":{"rendered":"\n<p><\/p>\n\n\n\n<p>El rector de la Universidad Aut\u00f3noma de Tamaulipas (UAT), MVZ D\u00e1maso Anaya<br>Alvarado, inaugur\u00f3 los Foros Universitarios sobre la Reforma al Poder Judicial de<br>la Federaci\u00f3n, organizados por esta casa de estudios para analizar y aportar<br>propuestas que se sumar\u00e1n a las iniciativas de los foros nacionales sobre las<br>reformas constitucionales en esa materia.<br>En el evento realizado en la Sala de Juicios Orales de la Facultad de<br>Derecho y Ciencias Sociales Victoria, el rector destac\u00f3 la importancia de este<br>evento como una oportunidad de analizar y discutir las reformas propuestas y de<br>fortalecer en la comunidad acad\u00e9mica de la UAT la promoci\u00f3n de una cultura de<br>participaci\u00f3n c\u00edvica.<br>Ratific\u00f3 el compromiso de la Universidad con la educaci\u00f3n, la investigaci\u00f3n<br>y el desarrollo de un di\u00e1logo constructivo y plural en el contexto de las reformas<br>legislativas presentadas por el presidente Andr\u00e9s Manuel L\u00f3pez Obrador, y que<br>est\u00e1n en an\u00e1lisis en la C\u00e1mara de Diputados.<br>En referencia a la reforma integral al Poder Judicial de la Federaci\u00f3n,<br>coment\u00f3 que se busca transformar y modernizar nuestro sistema judicial para<br>hacerlo m\u00e1s eficiente, justo y accesible a todos los ciudadanos.<br>En ese contexto tambi\u00e9n, puntualiz\u00f3 que la virtual presidenta electa,<br>Claudia Sheinbaum Pardo, ha subrayado la importancia de abrir un di\u00e1logo<br>nacional inclusivo y participativo, que involucre a las barras de abogados, las<br>facultades de derecho, los ministros y trabajadores del Poder Judicial, as\u00ed como a<br>la sociedad en general.<br>Asever\u00f3 que la UAT, con su rica tradici\u00f3n acad\u00e9mica y su compromiso con<br>la sociedad, asume con orgullo el liderazgo en este proceso de discusi\u00f3n, en el<br>que participan las tres facultades de derecho de la UAT, para asegurar que las<br>voces de los acad\u00e9micos y estudiantes se escuchen y que sus aportaciones<\/p>\n\n\n\n<p>enriquezcan el debate nacional.<br>Destac\u00f3 que la colaboraci\u00f3n con otras instituciones nacionales en proyectos<br>de investigaci\u00f3n sobre la reforma fortalecer\u00e1 la posici\u00f3n de la UAT como una<br>instituci\u00f3n de referencia en el \u00e1mbito acad\u00e9mico y legal.<br>En dicho acto participaron con sus ponencias destacados acad\u00e9micos de la<br>UAT. En primer turno, el Dr. Edy Izaguirre Trevi\u00f1o, director de la Facultad de<br>Derecho y Ciencias Sociales Victoria, con el tema \u201cEl Poder Judicial en el<br>constitucionalismo mexicano\u201d, destacando la importancia de socializar las<br>reformas y su contenido, de manera que la sociedad conozca en qu\u00e9 consisten los<br>cambios propuestos.<br>La segunda intervenci\u00f3n estuvo a cargo del Dr. Ren\u00e9 Adri\u00e1n Salinas<br>Salinas, director de la Facultad de Comercio, Administraci\u00f3n y Ciencias Sociales<br>Nuevo Laredo, con el tema \u201cAn\u00e1lisis de la iniciativa de Reforma al Poder Judicial\u201d,<br>que enfatiza la importancia de informar a la sociedad por qu\u00e9 se est\u00e1n realizando<br>los cambios.<br>Finalmente, la Dra. Melissa Lizbeth Mart\u00ednez Hern\u00e1ndez, docente de la<br>UAT, expuso el tema \u201cEl derecho humano del acceso a la justicia\u201d, donde plantea<br>que el Poder Judicial de la Federaci\u00f3n tiene un papel fundamental en la vida<br>democr\u00e1tica de los ciudadanos, pues garantiza la seguridad jur\u00eddica y la<br>protecci\u00f3n y la garant\u00eda de los derechos humanos.<\/p>\n","protected":false},"excerpt":{"rendered":"<p>El rector de la Universidad Aut\u00f3noma de Tamaulipas (UAT), MVZ D\u00e1maso AnayaAlvarado, inaugur\u00f3 los Foros Universitarios sobre la Reforma al Poder Judicial dela Federaci\u00f3n, organizados por esta casa de estudios para analizar y aportarpropuestas que se sumar\u00e1n a las iniciativas de los foros nacionales sobre lasreformas constitucionales en esa materia.En el evento realizado en la [&hellip;]<\/p>\n","protected":false},"author":1,"featured_media":3032,"comment_status":"open","ping_status":"open","sticky":false,"template":"","format":"standard","meta":{"footnotes":""},"categories":[4],"tags":[],"class_list":["post-3031","post","type-post","status-publish","format-standard","has-post-thumbnail","hentry","category-universidades"],"blog_post_layout_featured_media_urls":{"thumbnail":["https:\/\/elregionaldigital.info\/wp-content\/uploads\/2024\/07\/4-150x150.jpeg",150,150,true],"full":["https:\/\/elregionaldigital.info\/wp-content\/uploads\/2024\/07\/4.jpeg",1500,1000,false]},"categories_names":{"4":{"name":"Universidades","link":"https:\/\/elregionaldigital.info\/?cat=4"}},"tags_names":[],"comments_number":"0","wpmagazine_modules_lite_featured_media_urls":{"thumbnail":["https:\/\/elregionaldigital.info\/wp-content\/uploads\/2024\/07\/4-150x150.jpeg",150,150,true],"cvmm-medium":["https:\/\/elregionaldigital.info\/wp-content\/uploads\/2024\/07\/4-300x300.jpeg",300,300,true],"cvmm-medium-plus":["https:\/\/elregionaldigital.info\/wp-content\/uploads\/2024\/07\/4-305x207.jpeg",305,207,true],"cvmm-portrait":["https:\/\/elregionaldigital.info\/wp-content\/uploads\/2024\/07\/4-400x600.jpeg",400,600,true],"cvmm-medium-square":["https:\/\/elregionaldigital.info\/wp-content\/uploads\/2024\/07\/4-600x600.jpeg",600,600,true],"cvmm-large":["https:\/\/elregionaldigital.info\/wp-content\/uploads\/2024\/07\/4-1024x1000.jpeg",1024,1000,true],"cvmm-small":["https:\/\/elregionaldigital.info\/wp-content\/uploads\/2024\/07\/4-130x95.jpeg",130,95,true],"full":["https:\/\/elregionaldigital.info\/wp-content\/uploads\/2024\/07\/4.jpeg",1500,1000,false]},"_links":{"self":[{"href":"https:\/\/elregionaldigital.info\/index.php?rest_route=\/wp\/v2\/posts\/3031","targetHints":{"allow":["GET"]}}],"collection":[{"href":"https:\/\/elregionaldigital.info\/index.php?rest_route=\/wp\/v2\/posts"}],"about":[{"href":"https:\/\/elregionaldigital.info\/index.php?rest_route=\/wp\/v2\/types\/post"}],"author":[{"embeddable":true,"href":"https:\/\/elregionaldigital.info\/index.php?rest_route=\/wp\/v2\/users\/1"}],"replies":[{"embeddable":true,"href":"https:\/\/elregionaldigital.info\/index.php?rest_route=%2Fwp%2Fv2%2Fcomments&post=3031"}],"version-history":[{"count":1,"href":"https:\/\/elregionaldigital.info\/index.php?rest_route=\/wp\/v2\/posts\/3031\/revisions"}],"predecessor-version":[{"id":3033,"href":"https:\/\/elregionaldigital.info\/index.php?rest_route=\/wp\/v2\/posts\/3031\/revisions\/3033"}],"wp:featuredmedia":[{"embeddable":true,"href":"https:\/\/elregionaldigital.info\/index.php?rest_route=\/wp\/v2\/media\/3032"}],"wp:attachment":[{"href":"https:\/\/elregionaldigital.info\/index.php?rest_route=%2Fwp%2Fv2%2Fmedia&parent=3031"}],"wp:term":[{"taxonomy":"category","embeddable":true,"href":"https:\/\/elregionaldigital.info\/index.php?rest_route=%2Fwp%2Fv2%2Fcategories&post=3031"},{"taxonomy":"post_tag","embeddable":true,"href":"https:\/\/elregionaldigital.info\/index.php?rest_route=%2Fwp%2Fv2%2Ftags&post=3031"}],"curies":[{"name":"wp","href":"https:\/\/api.w.org\/{rel}","templated":true}]}}