{"id":3019,"date":"2024-07-09T15:52:44","date_gmt":"2024-07-09T15:52:44","guid":{"rendered":"http:\/\/elregionaldigital.info\/?p=3019"},"modified":"2024-07-09T15:52:44","modified_gmt":"2024-07-09T15:52:44","slug":"los-monreal-quieren-faltarle-al-respeto-al-voto-ciudadano-varela-pinedo","status":"publish","type":"post","link":"https:\/\/elregionaldigital.info\/?p=3019","title":{"rendered":"Los Monreal quieren faltarle al respeto al voto ciudadano: Varela Pinedo"},"content":{"rendered":"\n<p>09 de JULIO del 2024<\/p>\n\n\n\n<p>Miguel Varela Pinedo, excandidato del PAN a la presidencia municipal de Zacatecas, cuyo triunfo en las urnas anul\u00f3 el Tribunal de Justicia Electoral de Zacatecas -la semana pasada-, envi\u00f3 \u00e9ste lunes un mensaje a la presidenta electa del pa\u00eds Claudia Sheinbaum Pardo, \u201cpara que sepa que aqu\u00ed en Zacatecas, como en la delegaci\u00f3n Cuauht\u00e9moc de la Ciudad de M\u00e9xico, los Monreal quieren faltarle al respeto al voto ciudadano\u201d.<\/p>\n\n\n\n<p>\u201cEl pasado 2 de junio la gente voto por Claudia Sheinbaum, la gente vot\u00f3 por un senador en las f\u00f3rmulas del senado, la gente voto por una f\u00f3rmula a diputados federales y a diputados locales, y en esa misma casilla, donde se vot\u00f3 lo anterior, la gente vot\u00f3 por un presidente municipal&#8221;, se\u00f1al\u00f3.&nbsp;<\/p>\n\n\n\n<p>Reunido justo frente a la explanada del Ayuntamiento de la ciudad, acompa\u00f1ado por decenas de simpatizantes e integrantes de la coalici\u00f3n del PRI, PAN y PRD, que lo postul\u00f3, Varela Pinedo se dirigi\u00f3 adem\u00e1s a los magistrados de la Sala Regional en Monterrey, a los magistrados de la Sala Superior del Tribunal Electoral del Poder Judicial Federal, \u201cpara que sepan el fraude que quieren hacer, dos personas, dos magistrados que no est\u00e1n respetando por mayor\u00eda de votos\u201d.<\/p>\n\n\n\n<p>El panista se refer\u00eda a dos magistrados del Tribunal de Justicia Electoral de Zacatecas (Trijez), quienes est\u00e1n en un evidente \u201cconflicto de inter\u00e9s\u201d, y con su voto anularon el triunfo que obtuvo en las urnas, con una diferencia de m\u00e1s de 3 mil 300 votos, frente a Jorge Miranda Castro, edil en funciones por el PVEM-Morena, que pretende reelegirse en el cargo, con el respaldo del gobernador David Monreal \u00c1vila.<\/p>\n\n\n\n<p>Conformado por cuatro magistrados, el Trijez cuenta con Roci\u00f3 Posadas Ram\u00edrez y Teresa Rodr\u00edguez Torres -quienes votaron en contra de la anulaci\u00f3n del triunfo de Varela Pinedo-, y los magistrados que votaron a favor fueron Jos\u00e9 \u00c1ngel Yuen Rodr\u00edguez \u2013autor del proyecto de resoluci\u00f3n-, y Gloria Esparza Rodr\u00edguez, presidenta del tribunal y cuyo voto es \u201cde calidad\u201d, es decir, en caso de empate, como ocurri\u00f3, decide el sentido de la resoluci\u00f3n.<\/p>\n\n\n\n<p>Seg\u00fan lo expuesto hoy por Miguel Varela Pinedo, ambos magistrados tienen una cercana relaci\u00f3n con el senador Ricardo Monreal \u00c1vila, de compadrazgo, e incluso Gloria Esparza Rodr\u00edguez, incluso fue funcionaria en la administraci\u00f3n estatal, cuando el senador fue gobernador.<\/p>\n\n\n\n<p>Varela Pinedo advirti\u00f3 que \u201ceste robo que han consumado los Monreal, a trav\u00e9s de sus compadres \u2013los magistrados-, hoy venimos a protestar a este lugar, donde el 15 de septiembre habremos de tomar protesta, como presidente municipal\u201d.<\/p>\n\n\n\n<p>Anunci\u00f3 que este martes 9 de julio acudir\u00e1 personalmente a presentar ante la Sala Regional Monterrey, del Tribunal Electoral del Poder Judicial de la Federaci\u00f3n, su impugnaci\u00f3n a la resoluci\u00f3n del Trijez, y conf\u00eda en que el fallo, le favorezca, ratificando su triunfo por la presidencia municipal de Zacatecas.&nbsp;<\/p>\n","protected":false},"excerpt":{"rendered":"<p>09 de JULIO del 2024 Miguel Varela Pinedo, excandidato del PAN a la presidencia municipal de Zacatecas, cuyo triunfo en las urnas anul\u00f3 el Tribunal de Justicia Electoral de Zacatecas -la semana pasada-, envi\u00f3 \u00e9ste lunes un mensaje a la presidenta electa del pa\u00eds Claudia Sheinbaum Pardo, \u201cpara que sepa que aqu\u00ed en Zacatecas, como [&hellip;]<\/p>\n","protected":false},"author":1,"featured_media":3020,"comment_status":"open","ping_status":"open","sticky":false,"template":"","format":"standard","meta":{"footnotes":""},"categories":[5],"tags":[],"class_list":["post-3019","post","type-post","status-publish","format-standard","has-post-thumbnail","hentry","category-nacional"],"blog_post_layout_featured_media_urls":{"thumbnail":["https:\/\/elregionaldigital.info\/wp-content\/uploads\/2024\/07\/Miguel_Angel_Varela_Pinedo_03-150x150.jpg",150,150,true],"full":["https:\/\/elregionaldigital.info\/wp-content\/uploads\/2024\/07\/Miguel_Angel_Varela_Pinedo_03.jpg",1200,1800,false]},"categories_names":{"5":{"name":"Nacional","link":"https:\/\/elregionaldigital.info\/?cat=5"}},"tags_names":[],"comments_number":"0","wpmagazine_modules_lite_featured_media_urls":{"thumbnail":["https:\/\/elregionaldigital.info\/wp-content\/uploads\/2024\/07\/Miguel_Angel_Varela_Pinedo_03-150x150.jpg",150,150,true],"cvmm-medium":["https:\/\/elregionaldigital.info\/wp-content\/uploads\/2024\/07\/Miguel_Angel_Varela_Pinedo_03-300x300.jpg",300,300,true],"cvmm-medium-plus":["https:\/\/elregionaldigital.info\/wp-content\/uploads\/2024\/07\/Miguel_Angel_Varela_Pinedo_03-305x207.jpg",305,207,true],"cvmm-portrait":["https:\/\/elregionaldigital.info\/wp-content\/uploads\/2024\/07\/Miguel_Angel_Varela_Pinedo_03-400x600.jpg",400,600,true],"cvmm-medium-square":["https:\/\/elregionaldigital.info\/wp-content\/uploads\/2024\/07\/Miguel_Angel_Varela_Pinedo_03-600x600.jpg",600,600,true],"cvmm-large":["https:\/\/elregionaldigital.info\/wp-content\/uploads\/2024\/07\/Miguel_Angel_Varela_Pinedo_03-1024x1024.jpg",1024,1024,true],"cvmm-small":["https:\/\/elregionaldigital.info\/wp-content\/uploads\/2024\/07\/Miguel_Angel_Varela_Pinedo_03-130x95.jpg",130,95,true],"full":["https:\/\/elregionaldigital.info\/wp-content\/uploads\/2024\/07\/Miguel_Angel_Varela_Pinedo_03.jpg",1200,1800,false]},"_links":{"self":[{"href":"https:\/\/elregionaldigital.info\/index.php?rest_route=\/wp\/v2\/posts\/3019","targetHints":{"allow":["GET"]}}],"collection":[{"href":"https:\/\/elregionaldigital.info\/index.php?rest_route=\/wp\/v2\/posts"}],"about":[{"href":"https:\/\/elregionaldigital.info\/index.php?rest_route=\/wp\/v2\/types\/post"}],"author":[{"embeddable":true,"href":"https:\/\/elregionaldigital.info\/index.php?rest_route=\/wp\/v2\/users\/1"}],"replies":[{"embeddable":true,"href":"https:\/\/elregionaldigital.info\/index.php?rest_route=%2Fwp%2Fv2%2Fcomments&post=3019"}],"version-history":[{"count":1,"href":"https:\/\/elregionaldigital.info\/index.php?rest_route=\/wp\/v2\/posts\/3019\/revisions"}],"predecessor-version":[{"id":3021,"href":"https:\/\/elregionaldigital.info\/index.php?rest_route=\/wp\/v2\/posts\/3019\/revisions\/3021"}],"wp:featuredmedia":[{"embeddable":true,"href":"https:\/\/elregionaldigital.info\/index.php?rest_route=\/wp\/v2\/media\/3020"}],"wp:attachment":[{"href":"https:\/\/elregionaldigital.info\/index.php?rest_route=%2Fwp%2Fv2%2Fmedia&parent=3019"}],"wp:term":[{"taxonomy":"category","embeddable":true,"href":"https:\/\/elregionaldigital.info\/index.php?rest_route=%2Fwp%2Fv2%2Fcategories&post=3019"},{"taxonomy":"post_tag","embeddable":true,"href":"https:\/\/elregionaldigital.info\/index.php?rest_route=%2Fwp%2Fv2%2Ftags&post=3019"}],"curies":[{"name":"wp","href":"https:\/\/api.w.org\/{rel}","templated":true}]}}