{"id":3013,"date":"2024-07-08T05:22:48","date_gmt":"2024-07-08T05:22:48","guid":{"rendered":"http:\/\/elregionaldigital.info\/?p=3013"},"modified":"2024-07-09T05:23:21","modified_gmt":"2024-07-09T05:23:21","slug":"celebra-el-sutauat-el-20-aniversario-de-su-fundacion","status":"publish","type":"post","link":"https:\/\/elregionaldigital.info\/?p=3013","title":{"rendered":"Celebra el SUTAUAT el 20 aniversario de su fundaci\u00f3n"},"content":{"rendered":"\n<p><br>El Sindicato \u00danico de Trabajadores Acad\u00e9micos de la Universidad Aut\u00f3noma de<br>Tamaulipas (SUTAUAT) celebr\u00f3 el 20 aniversario de su fundaci\u00f3n en una<br>ceremonia que tuvo como marco el reconocimiento a quienes han dirigido este<br>gremio en la m\u00e1xima casa de estudios del estado.<br>La ceremonia fue presidida por el rector de la UAT, MVZ D\u00e1maso Anaya<br>Alvarado, quien resalt\u00f3 la importancia de contar con un sindicato de acad\u00e9micos<br>fuerte, que les d\u00e9 certeza a sus agremiados y con ello se motiven a trabajar<br>arduamente por su universidad.<br>Dijo que su administraci\u00f3n seguir\u00e1 impulsando su apoyo a favor de la planta<br>docente, y destac\u00f3 que el trabajo de los catedr\u00e1ticos es fundamental para la UAT<br>en esta nueva etapa de transformaci\u00f3n y humanismo en la educaci\u00f3n.<br>\u201cEs importante seguir fortaleciendo al sindicato; trabajando en equipo,<br>buscando siempre ofrecer la mejor calidad en la educaci\u00f3n para el beneficio de los<br>estudiantes\u201d, indic\u00f3.<br>Subray\u00f3 que se buscar\u00e1 fortalecer los acuerdos para ofrecer mayores<br>beneficios al personal acad\u00e9mico, y asever\u00f3 que esta administraci\u00f3n rectoral se<br>caracterizar\u00e1 por escuchar y atender las inquietudes y necesidades de toda la<br>comunidad universitaria.<br>Por su parte, el Mtro. Luis Gerardo Galv\u00e1n Velazco, secretario general<br>estatal del SUTAUAT, agradeci\u00f3 al rector su disposici\u00f3n para apoyar a los<br>maestros no solo en el rubro salarial, sino en diversas prestaciones que ratifican<br>su buena voluntad y humanismo.<br>El dirigente sindical expuso una remembranza de la fundaci\u00f3n y el<br>desarrollo que ha tenido este gremio acad\u00e9mico, y afirm\u00f3 que en la actualidad se<br>han sentado bases s\u00f3lidas para lograr el mejoramiento y la defensa de los<br>intereses comunes de sus integrantes.<br>En este marco conmemorativo, el rector D\u00e1maso Anaya le hizo entrega de<\/p>\n\n\n\n<p>un reconocimiento al ex secretario general del SUTAUAT, Dr. Jos\u00e9 Antonio Serna<br>Hinojosa, por la importante labor desempe\u00f1ada durante su gesti\u00f3n, y al secretario<br>general fundador, Gustavo Rueda Hern\u00e1ndez.<br>Finalmente, se llev\u00f3 a cabo el tradicional sorteo de tres autom\u00f3viles en<br>beneficio de los maestros sindicalizados de las zonas Sur, Norte y Centro de la UAT<\/p>\n","protected":false},"excerpt":{"rendered":"<p>El Sindicato \u00danico de Trabajadores Acad\u00e9micos de la Universidad Aut\u00f3noma deTamaulipas (SUTAUAT) celebr\u00f3 el 20 aniversario de su fundaci\u00f3n en unaceremonia que tuvo como marco el reconocimiento a quienes han dirigido estegremio en la m\u00e1xima casa de estudios del estado.La ceremonia fue presidida por el rector de la UAT, MVZ D\u00e1maso AnayaAlvarado, quien resalt\u00f3 la [&hellip;]<\/p>\n","protected":false},"author":1,"featured_media":3014,"comment_status":"open","ping_status":"open","sticky":false,"template":"","format":"standard","meta":{"footnotes":""},"categories":[4],"tags":[],"class_list":["post-3013","post","type-post","status-publish","format-standard","has-post-thumbnail","hentry","category-universidades"],"blog_post_layout_featured_media_urls":{"thumbnail":["https:\/\/elregionaldigital.info\/wp-content\/uploads\/2024\/07\/2-1-1-150x150.jpg",150,150,true],"full":["https:\/\/elregionaldigital.info\/wp-content\/uploads\/2024\/07\/2-1-1-scaled.jpg",2560,1222,false]},"categories_names":{"4":{"name":"Universidades","link":"https:\/\/elregionaldigital.info\/?cat=4"}},"tags_names":[],"comments_number":"0","wpmagazine_modules_lite_featured_media_urls":{"thumbnail":["https:\/\/elregionaldigital.info\/wp-content\/uploads\/2024\/07\/2-1-1-150x150.jpg",150,150,true],"cvmm-medium":["https:\/\/elregionaldigital.info\/wp-content\/uploads\/2024\/07\/2-1-1-300x300.jpg",300,300,true],"cvmm-medium-plus":["https:\/\/elregionaldigital.info\/wp-content\/uploads\/2024\/07\/2-1-1-305x207.jpg",305,207,true],"cvmm-portrait":["https:\/\/elregionaldigital.info\/wp-content\/uploads\/2024\/07\/2-1-1-400x600.jpg",400,600,true],"cvmm-medium-square":["https:\/\/elregionaldigital.info\/wp-content\/uploads\/2024\/07\/2-1-1-600x600.jpg",600,600,true],"cvmm-large":["https:\/\/elregionaldigital.info\/wp-content\/uploads\/2024\/07\/2-1-1-1024x1024.jpg",1024,1024,true],"cvmm-small":["https:\/\/elregionaldigital.info\/wp-content\/uploads\/2024\/07\/2-1-1-130x95.jpg",130,95,true],"full":["https:\/\/elregionaldigital.info\/wp-content\/uploads\/2024\/07\/2-1-1-scaled.jpg",2560,1222,false]},"_links":{"self":[{"href":"https:\/\/elregionaldigital.info\/index.php?rest_route=\/wp\/v2\/posts\/3013","targetHints":{"allow":["GET"]}}],"collection":[{"href":"https:\/\/elregionaldigital.info\/index.php?rest_route=\/wp\/v2\/posts"}],"about":[{"href":"https:\/\/elregionaldigital.info\/index.php?rest_route=\/wp\/v2\/types\/post"}],"author":[{"embeddable":true,"href":"https:\/\/elregionaldigital.info\/index.php?rest_route=\/wp\/v2\/users\/1"}],"replies":[{"embeddable":true,"href":"https:\/\/elregionaldigital.info\/index.php?rest_route=%2Fwp%2Fv2%2Fcomments&post=3013"}],"version-history":[{"count":1,"href":"https:\/\/elregionaldigital.info\/index.php?rest_route=\/wp\/v2\/posts\/3013\/revisions"}],"predecessor-version":[{"id":3015,"href":"https:\/\/elregionaldigital.info\/index.php?rest_route=\/wp\/v2\/posts\/3013\/revisions\/3015"}],"wp:featuredmedia":[{"embeddable":true,"href":"https:\/\/elregionaldigital.info\/index.php?rest_route=\/wp\/v2\/media\/3014"}],"wp:attachment":[{"href":"https:\/\/elregionaldigital.info\/index.php?rest_route=%2Fwp%2Fv2%2Fmedia&parent=3013"}],"wp:term":[{"taxonomy":"category","embeddable":true,"href":"https:\/\/elregionaldigital.info\/index.php?rest_route=%2Fwp%2Fv2%2Fcategories&post=3013"},{"taxonomy":"post_tag","embeddable":true,"href":"https:\/\/elregionaldigital.info\/index.php?rest_route=%2Fwp%2Fv2%2Ftags&post=3013"}],"curies":[{"name":"wp","href":"https:\/\/api.w.org\/{rel}","templated":true}]}}