{"id":3009,"date":"2024-07-07T16:51:51","date_gmt":"2024-07-07T16:51:51","guid":{"rendered":"http:\/\/elregionaldigital.info\/?p=3009"},"modified":"2024-07-08T16:52:24","modified_gmt":"2024-07-08T16:52:24","slug":"egresan-310-estudiantes-del-bachillerato-de-la-uat-en-ciudad-mante","status":"publish","type":"post","link":"https:\/\/elregionaldigital.info\/?p=3009","title":{"rendered":"Egresan 310 estudiantes del bachillerato de la UAT en Ciudad Mante"},"content":{"rendered":"\n<p><\/p>\n\n\n\n<p>La Universidad Aut\u00f3noma de Tamaulipas (UAT) egres\u00f3 a un total de 310<br>estudiantes que concluyeron su bachillerato en la Escuela Preparatoria Mante,<br>pertenecientes a la Generaci\u00f3n 2021-2024.<br>El rector de la UAT, MVZ D\u00e1maso Anaya Alvarado, presidi\u00f3, en las<br>instalaciones del plantel en Ciudad Mante, la ceremonia de graduaci\u00f3n y entrega<br>de constancias de estudios a los j\u00f3venes que concluyeron su educaci\u00f3n integral<br>en el modelo de bachillerato de la m\u00e1xima casa de estudios del estado.<br>Acompa\u00f1ado de la Mtra. Mar\u00eda del Pilar Garza Aguilar, directora de la<br>Preparatoria Mante, el rector felicit\u00f3 a los graduados por culminar con \u00e9xito esta<br>importante etapa de su trayectoria educativa.<br>Agradeci\u00f3 a los padres y madres de familia por confiar en la UAT la<br>preparaci\u00f3n de sus hijos, as\u00ed como tambi\u00e9n reconoci\u00f3 a los docentes por su labor<br>en la formaci\u00f3n del alumnado.<br>Dijo que la UAT valora profundamente el papel que desempe\u00f1an sus<br>estudiantes, porque con sus deseos de superaci\u00f3n y su capacidad para salir<br>adelante son un ejemplo de lo que se puede lograr con esfuerzo, perseverancia y<br>pasi\u00f3n por el conocimiento. \u201cNo solo son motivo de orgullo para sus familias, sino<br>que tambi\u00e9n ponen muy en alto el nombre de la UAT\u201d, a\u00f1adi\u00f3.<br>D\u00e1maso Anaya refiri\u00f3 tambi\u00e9n que el modelo de bachillerato de la UAT<br>prepara a sus estudiantes para los rigores acad\u00e9micos de la educaci\u00f3n superior, y<br>les proporciona las herramientas necesarias para enfrentar los desaf\u00edos de la vida<br>con confianza y determinaci\u00f3n.<br>Por su parte, la directora Mar\u00eda del Pilar Garza Aguilar, agradeci\u00f3 al rector<br>por el apoyo para fortalecer la infraestructura educativa, en donde se destacan<br>una biblioteca y un espacio para la formaci\u00f3n integral de los estudiantes, acciones,<br>que dijo, elevar\u00e1n los indicadores de calidad de la Preparatoria Mante.<\/p>\n\n\n\n<p>A nombre de la Generaci\u00f3n 2021-2024, Daniela L\u00f3pez Contreras agradeci\u00f3<br>a la instituci\u00f3n, a sus directivos y docentes por el empe\u00f1o vertido en su educaci\u00f3n,<br>y apunt\u00f3 que seguir\u00e1n trabajando para poner en alto el nombre de la m\u00e1xima casa<br>de estudios durante la etapa universitaria que les espera.<\/p>\n","protected":false},"excerpt":{"rendered":"<p>La Universidad Aut\u00f3noma de Tamaulipas (UAT) egres\u00f3 a un total de 310estudiantes que concluyeron su bachillerato en la Escuela Preparatoria Mante,pertenecientes a la Generaci\u00f3n 2021-2024.El rector de la UAT, MVZ D\u00e1maso Anaya Alvarado, presidi\u00f3, en lasinstalaciones del plantel en Ciudad Mante, la ceremonia de graduaci\u00f3n y entregade constancias de estudios a los j\u00f3venes que concluyeron [&hellip;]<\/p>\n","protected":false},"author":1,"featured_media":3010,"comment_status":"open","ping_status":"open","sticky":false,"template":"","format":"standard","meta":{"footnotes":""},"categories":[4],"tags":[],"class_list":["post-3009","post","type-post","status-publish","format-standard","has-post-thumbnail","hentry","category-universidades"],"blog_post_layout_featured_media_urls":{"thumbnail":["https:\/\/elregionaldigital.info\/wp-content\/uploads\/2024\/07\/2-3-150x150.jpg",150,150,true],"full":["https:\/\/elregionaldigital.info\/wp-content\/uploads\/2024\/07\/2-3.jpg",2048,1503,false]},"categories_names":{"4":{"name":"Universidades","link":"https:\/\/elregionaldigital.info\/?cat=4"}},"tags_names":[],"comments_number":"0","wpmagazine_modules_lite_featured_media_urls":{"thumbnail":["https:\/\/elregionaldigital.info\/wp-content\/uploads\/2024\/07\/2-3-150x150.jpg",150,150,true],"cvmm-medium":["https:\/\/elregionaldigital.info\/wp-content\/uploads\/2024\/07\/2-3-300x300.jpg",300,300,true],"cvmm-medium-plus":["https:\/\/elregionaldigital.info\/wp-content\/uploads\/2024\/07\/2-3-305x207.jpg",305,207,true],"cvmm-portrait":["https:\/\/elregionaldigital.info\/wp-content\/uploads\/2024\/07\/2-3-400x600.jpg",400,600,true],"cvmm-medium-square":["https:\/\/elregionaldigital.info\/wp-content\/uploads\/2024\/07\/2-3-600x600.jpg",600,600,true],"cvmm-large":["https:\/\/elregionaldigital.info\/wp-content\/uploads\/2024\/07\/2-3-1024x1024.jpg",1024,1024,true],"cvmm-small":["https:\/\/elregionaldigital.info\/wp-content\/uploads\/2024\/07\/2-3-130x95.jpg",130,95,true],"full":["https:\/\/elregionaldigital.info\/wp-content\/uploads\/2024\/07\/2-3.jpg",2048,1503,false]},"_links":{"self":[{"href":"https:\/\/elregionaldigital.info\/index.php?rest_route=\/wp\/v2\/posts\/3009","targetHints":{"allow":["GET"]}}],"collection":[{"href":"https:\/\/elregionaldigital.info\/index.php?rest_route=\/wp\/v2\/posts"}],"about":[{"href":"https:\/\/elregionaldigital.info\/index.php?rest_route=\/wp\/v2\/types\/post"}],"author":[{"embeddable":true,"href":"https:\/\/elregionaldigital.info\/index.php?rest_route=\/wp\/v2\/users\/1"}],"replies":[{"embeddable":true,"href":"https:\/\/elregionaldigital.info\/index.php?rest_route=%2Fwp%2Fv2%2Fcomments&post=3009"}],"version-history":[{"count":1,"href":"https:\/\/elregionaldigital.info\/index.php?rest_route=\/wp\/v2\/posts\/3009\/revisions"}],"predecessor-version":[{"id":3011,"href":"https:\/\/elregionaldigital.info\/index.php?rest_route=\/wp\/v2\/posts\/3009\/revisions\/3011"}],"wp:featuredmedia":[{"embeddable":true,"href":"https:\/\/elregionaldigital.info\/index.php?rest_route=\/wp\/v2\/media\/3010"}],"wp:attachment":[{"href":"https:\/\/elregionaldigital.info\/index.php?rest_route=%2Fwp%2Fv2%2Fmedia&parent=3009"}],"wp:term":[{"taxonomy":"category","embeddable":true,"href":"https:\/\/elregionaldigital.info\/index.php?rest_route=%2Fwp%2Fv2%2Fcategories&post=3009"},{"taxonomy":"post_tag","embeddable":true,"href":"https:\/\/elregionaldigital.info\/index.php?rest_route=%2Fwp%2Fv2%2Ftags&post=3009"}],"curies":[{"name":"wp","href":"https:\/\/api.w.org\/{rel}","templated":true}]}}