{"id":3006,"date":"2024-07-08T15:23:47","date_gmt":"2024-07-08T15:23:47","guid":{"rendered":"http:\/\/elregionaldigital.info\/?p=3006"},"modified":"2024-07-08T15:24:19","modified_gmt":"2024-07-08T15:24:19","slug":"paola-salcedo-deja-mensaje-para-su-hijo-luka","status":"publish","type":"post","link":"https:\/\/elregionaldigital.info\/?p=3006","title":{"rendered":"Paola Salcedo deja mensaje para su hijo Luka"},"content":{"rendered":"\n<p><a href=\"https:\/\/laverdad.com.mx\/wp-content\/uploads\/2024\/07\/8e5dbad1fe3b-paola-salcedo.avif\"><\/a><\/p>\n\n\n\n<p>A siete d\u00edas del lamentable atentado que le cost\u00f3 la vida a Paola Hern\u00e1ndez, hermana del futbolista mexicano Carlos Salcedo, han salido a la luz detalles tanto del crimen como de su vida personal. El 31 de marzo, en el cumplea\u00f1os de su hijo Luka, Paola comparti\u00f3 un emotivo video en Instagram, recopilando momentos especiales de su vida como madre. Este mensaje se ha convertido en una despedida conmovedora.<\/p>\n\n\n\n<p>\u201cCuatro a\u00f1os de tu llegada mi amor, cuatro a\u00f1os de que cambiaste mi vida para siempre Luka. Gracias por ser la luz en medio de cualquier oscuridad, no hay palabras para expresarte lo que te amo mi beb\u00e9. Agradezco tu existencia todos los d\u00edas, que Dios te bendiga siempre mi vida\u201d, escribi\u00f3 Paola en su cuenta de Instagram.<\/p>\n\n\n\n<p>El asesinato de Paola fue a\u00fan m\u00e1s doloroso porque su hijo Luka, de apenas cuatro a\u00f1os, presenci\u00f3 el atroz acto. Este tr\u00e1gico evento ha dejado una profunda marca en su familia y en aquellos que segu\u00edan la vida de Paola en redes sociales.<\/p>\n\n\n\n<p>En el \u00faltimo mensaje en redes, publicado por la madre de Paola, se realizaron acusaciones contra el futbolista Carlos Salcedo y su pareja, lo que ha a\u00f1adido otra capa de dolor y controversia a la situaci\u00f3n. A ra\u00edz de estos hechos, ya hay detenidos, pero la investigaci\u00f3n contin\u00faa.<\/p>\n\n\n\n<p>Paola Salcedo, quien disfrutaba de compartir su vida en redes sociales, dej\u00f3 pocas publicaciones visibles en su perfil. Su \u00faltimo mensaje a Luka es un recordatorio del amor incondicional que ten\u00eda por su hijo, y una muestra del dolor que deja su partida en quienes la conocieron y amaron.<\/p>\n","protected":false},"excerpt":{"rendered":"<p>A siete d\u00edas del lamentable atentado que le cost\u00f3 la vida a Paola Hern\u00e1ndez, hermana del futbolista mexicano Carlos Salcedo, han salido a la luz detalles tanto del crimen como de su vida personal. El 31 de marzo, en el cumplea\u00f1os de su hijo Luka, Paola comparti\u00f3 un emotivo video en Instagram, recopilando momentos especiales [&hellip;]<\/p>\n","protected":false},"author":1,"featured_media":3007,"comment_status":"open","ping_status":"open","sticky":false,"template":"","format":"standard","meta":{"footnotes":""},"categories":[3],"tags":[],"class_list":["post-3006","post","type-post","status-publish","format-standard","has-post-thumbnail","hentry","category-entretenimiento"],"blog_post_layout_featured_media_urls":{"thumbnail":["https:\/\/elregionaldigital.info\/wp-content\/uploads\/2024\/07\/f608x342-132590_162313_5050-150x150.webp",150,150,true],"full":["https:\/\/elregionaldigital.info\/wp-content\/uploads\/2024\/07\/f608x342-132590_162313_5050.webp",608,342,false]},"categories_names":{"3":{"name":"Entretenimiento","link":"https:\/\/elregionaldigital.info\/?cat=3"}},"tags_names":[],"comments_number":"0","wpmagazine_modules_lite_featured_media_urls":{"thumbnail":["https:\/\/elregionaldigital.info\/wp-content\/uploads\/2024\/07\/f608x342-132590_162313_5050-150x150.webp",150,150,true],"cvmm-medium":["https:\/\/elregionaldigital.info\/wp-content\/uploads\/2024\/07\/f608x342-132590_162313_5050-300x300.webp",300,300,true],"cvmm-medium-plus":["https:\/\/elregionaldigital.info\/wp-content\/uploads\/2024\/07\/f608x342-132590_162313_5050-305x207.webp",305,207,true],"cvmm-portrait":["https:\/\/elregionaldigital.info\/wp-content\/uploads\/2024\/07\/f608x342-132590_162313_5050-400x342.webp",400,342,true],"cvmm-medium-square":["https:\/\/elregionaldigital.info\/wp-content\/uploads\/2024\/07\/f608x342-132590_162313_5050-600x342.webp",600,342,true],"cvmm-large":["https:\/\/elregionaldigital.info\/wp-content\/uploads\/2024\/07\/f608x342-132590_162313_5050.webp",608,342,false],"cvmm-small":["https:\/\/elregionaldigital.info\/wp-content\/uploads\/2024\/07\/f608x342-132590_162313_5050-130x95.webp",130,95,true],"full":["https:\/\/elregionaldigital.info\/wp-content\/uploads\/2024\/07\/f608x342-132590_162313_5050.webp",608,342,false]},"_links":{"self":[{"href":"https:\/\/elregionaldigital.info\/index.php?rest_route=\/wp\/v2\/posts\/3006","targetHints":{"allow":["GET"]}}],"collection":[{"href":"https:\/\/elregionaldigital.info\/index.php?rest_route=\/wp\/v2\/posts"}],"about":[{"href":"https:\/\/elregionaldigital.info\/index.php?rest_route=\/wp\/v2\/types\/post"}],"author":[{"embeddable":true,"href":"https:\/\/elregionaldigital.info\/index.php?rest_route=\/wp\/v2\/users\/1"}],"replies":[{"embeddable":true,"href":"https:\/\/elregionaldigital.info\/index.php?rest_route=%2Fwp%2Fv2%2Fcomments&post=3006"}],"version-history":[{"count":1,"href":"https:\/\/elregionaldigital.info\/index.php?rest_route=\/wp\/v2\/posts\/3006\/revisions"}],"predecessor-version":[{"id":3008,"href":"https:\/\/elregionaldigital.info\/index.php?rest_route=\/wp\/v2\/posts\/3006\/revisions\/3008"}],"wp:featuredmedia":[{"embeddable":true,"href":"https:\/\/elregionaldigital.info\/index.php?rest_route=\/wp\/v2\/media\/3007"}],"wp:attachment":[{"href":"https:\/\/elregionaldigital.info\/index.php?rest_route=%2Fwp%2Fv2%2Fmedia&parent=3006"}],"wp:term":[{"taxonomy":"category","embeddable":true,"href":"https:\/\/elregionaldigital.info\/index.php?rest_route=%2Fwp%2Fv2%2Fcategories&post=3006"},{"taxonomy":"post_tag","embeddable":true,"href":"https:\/\/elregionaldigital.info\/index.php?rest_route=%2Fwp%2Fv2%2Ftags&post=3006"}],"curies":[{"name":"wp","href":"https:\/\/api.w.org\/{rel}","templated":true}]}}