{"id":2997,"date":"2024-07-06T15:16:28","date_gmt":"2024-07-06T15:16:28","guid":{"rendered":"http:\/\/elregionaldigital.info\/?p=2997"},"modified":"2024-07-08T15:17:08","modified_gmt":"2024-07-08T15:17:08","slug":"son-centros-de-atencion-multiple-importantes-espacios-de-inclusion","status":"publish","type":"post","link":"https:\/\/elregionaldigital.info\/?p=2997","title":{"rendered":"SON CENTROS DE ATENCI\u00d3N M\u00daLTIPLE IMPORTANTES ESPACIOS DE INCLUSI\u00d3N"},"content":{"rendered":"\n<p><\/p>\n\n\n\n<p>Julio 06 de 2024<\/p>\n\n\n\n<p>Matamoros, Tamaulipas. \u2013 Es necesario que como sociedad se rompan las barreras de la comunicaci\u00f3n y que desarrollemos valores como la empat\u00eda, la solidaridad, la sororidad y el amor, por eso los Centros de Atenci\u00f3n M\u00faltiple (CAM) son espacios educativos que fomenta la inclusi\u00f3n, se\u00f1al\u00f3 Luc\u00eda Aim\u00e9 Castillo Pastor, secretaria de Educaci\u00f3n de Tamaulipas, durante la ceremonia de graduaci\u00f3n de la generaci\u00f3n 2018-2024, del CAM Tzehuali N\u00b0 1 del municipio de Matamoros, de la cual fue su madrina.<\/p>\n\n\n\n<p>\u201cInclusi\u00f3n total en educaci\u00f3n y en todo, esa es la misi\u00f3n que debemos tener quienes nos dedicamos a la educaci\u00f3n, pero en s\u00ed, cada ser humano en el servicio p\u00fablico o en el privado debe tener en su mente cada vez m\u00e1s incorporada la importancia de la inclusi\u00f3n y nuestro gobernador Am\u00e9rico Villarreal Anaya hace un esfuerzo importante por ampliar mucho m\u00e1s el conocimiento de este esfuerzo\u201d, se\u00f1al\u00f3 la titular de la SET.<\/p>\n\n\n\n<p>Castillo Pastor resalt\u00f3 que el trabajo realizado en los Centros de Atenci\u00f3n M\u00faltiple y las Unidades de Apoyo a la Educaci\u00f3n Especial e Inclusiva, brindan una educaci\u00f3n integral y de excelencia para que las ni\u00f1as, ni\u00f1os y algunos j\u00f3venes tengan mejores oportunidades de vida.<\/p>\n\n\n\n<p>\u201cTenemos la fortuna de ser testigos de que en Tamaulipas gracias al esfuerzo compartido, colectivo, podemos tener cada vez mejores pisos y m\u00e1s parejos para todas las personas, tener la posibilidad de que hoy tengan becas nuestros hijos para seguir avanzando en sus trayectos formativos\u201d, precis\u00f3.<\/p>\n\n\n\n<p>Las y los alumnos graduados recibieron sus diplomas, adem\u00e1s de reconocimientos a quienes se destacaron en su desempe\u00f1o en las aulas. Tambi\u00e9n se entreg\u00f3 un reconocimiento por oratoria al alumno Juan Tadeo Pacheco Guti\u00e9rrez y a su profesora Ramona Rosales Lara, por representar a la Zona Escolar 3 de Educaci\u00f3n Especial en el Concurso \u2018Sentimiento Juarista\u2019 en donde obtuvo el tercer lugar.<\/p>\n\n\n\n<p>Tambi\u00e9n la secretaria de Educaci\u00f3n, Luc\u00eda Aim\u00e9 Castillo Pastor, le entreg\u00f3 la medalla a la excelencia a Jes\u00fas Salcedo Gonz\u00e1lez, como el mejor alumno de toda la generaci\u00f3n.<\/p>\n\n\n\n<p>Entre las autoridades presentes en el presidium tambi\u00e9n estuvieron Jos\u00e9 Alberto Granados Favila, presidente municipal electo de Matamoros y padrino de la Generaci\u00f3n 2018-2024; C\u00e9sar Dahir Ibarra Colmenares, director del CREDE Matamoros, M\u00f3nica Issasi Medina, directora del CAM Tzehuali No. 1 y Dulce Mar\u00eda de la Cruz Alonso Mej\u00eda, supervisora de la Zona 03 de Educaci\u00f3n Especial, adem\u00e1s de maestras, asistentes, madres y padres de las ni\u00f1as y ni\u00f1os graduados.<\/p>\n","protected":false},"excerpt":{"rendered":"<p>Julio 06 de 2024 Matamoros, Tamaulipas. \u2013 Es necesario que como sociedad se rompan las barreras de la comunicaci\u00f3n y que desarrollemos valores como la empat\u00eda, la solidaridad, la sororidad y el amor, por eso los Centros de Atenci\u00f3n M\u00faltiple (CAM) son espacios educativos que fomenta la inclusi\u00f3n, se\u00f1al\u00f3 Luc\u00eda Aim\u00e9 Castillo Pastor, secretaria de [&hellip;]<\/p>\n","protected":false},"author":1,"featured_media":2998,"comment_status":"open","ping_status":"open","sticky":false,"template":"","format":"standard","meta":{"footnotes":""},"categories":[2],"tags":[],"class_list":["post-2997","post","type-post","status-publish","format-standard","has-post-thumbnail","hentry","category-tamaulipas"],"blog_post_layout_featured_media_urls":{"thumbnail":["https:\/\/elregionaldigital.info\/wp-content\/uploads\/2024\/07\/SET-057-2024.-Son-Centros-de-Atencion-Multiple-importantes-espacios-de-inclusion-3-150x150.jpeg",150,150,true],"full":["https:\/\/elregionaldigital.info\/wp-content\/uploads\/2024\/07\/SET-057-2024.-Son-Centros-de-Atencion-Multiple-importantes-espacios-de-inclusion-3.jpeg",1200,432,false]},"categories_names":{"2":{"name":"Tamaulipas","link":"https:\/\/elregionaldigital.info\/?cat=2"}},"tags_names":[],"comments_number":"0","wpmagazine_modules_lite_featured_media_urls":{"thumbnail":["https:\/\/elregionaldigital.info\/wp-content\/uploads\/2024\/07\/SET-057-2024.-Son-Centros-de-Atencion-Multiple-importantes-espacios-de-inclusion-3-150x150.jpeg",150,150,true],"cvmm-medium":["https:\/\/elregionaldigital.info\/wp-content\/uploads\/2024\/07\/SET-057-2024.-Son-Centros-de-Atencion-Multiple-importantes-espacios-de-inclusion-3-300x300.jpeg",300,300,true],"cvmm-medium-plus":["https:\/\/elregionaldigital.info\/wp-content\/uploads\/2024\/07\/SET-057-2024.-Son-Centros-de-Atencion-Multiple-importantes-espacios-de-inclusion-3-305x207.jpeg",305,207,true],"cvmm-portrait":["https:\/\/elregionaldigital.info\/wp-content\/uploads\/2024\/07\/SET-057-2024.-Son-Centros-de-Atencion-Multiple-importantes-espacios-de-inclusion-3-400x432.jpeg",400,432,true],"cvmm-medium-square":["https:\/\/elregionaldigital.info\/wp-content\/uploads\/2024\/07\/SET-057-2024.-Son-Centros-de-Atencion-Multiple-importantes-espacios-de-inclusion-3-600x432.jpeg",600,432,true],"cvmm-large":["https:\/\/elregionaldigital.info\/wp-content\/uploads\/2024\/07\/SET-057-2024.-Son-Centros-de-Atencion-Multiple-importantes-espacios-de-inclusion-3-1024x432.jpeg",1024,432,true],"cvmm-small":["https:\/\/elregionaldigital.info\/wp-content\/uploads\/2024\/07\/SET-057-2024.-Son-Centros-de-Atencion-Multiple-importantes-espacios-de-inclusion-3-130x95.jpeg",130,95,true],"full":["https:\/\/elregionaldigital.info\/wp-content\/uploads\/2024\/07\/SET-057-2024.-Son-Centros-de-Atencion-Multiple-importantes-espacios-de-inclusion-3.jpeg",1200,432,false]},"_links":{"self":[{"href":"https:\/\/elregionaldigital.info\/index.php?rest_route=\/wp\/v2\/posts\/2997","targetHints":{"allow":["GET"]}}],"collection":[{"href":"https:\/\/elregionaldigital.info\/index.php?rest_route=\/wp\/v2\/posts"}],"about":[{"href":"https:\/\/elregionaldigital.info\/index.php?rest_route=\/wp\/v2\/types\/post"}],"author":[{"embeddable":true,"href":"https:\/\/elregionaldigital.info\/index.php?rest_route=\/wp\/v2\/users\/1"}],"replies":[{"embeddable":true,"href":"https:\/\/elregionaldigital.info\/index.php?rest_route=%2Fwp%2Fv2%2Fcomments&post=2997"}],"version-history":[{"count":1,"href":"https:\/\/elregionaldigital.info\/index.php?rest_route=\/wp\/v2\/posts\/2997\/revisions"}],"predecessor-version":[{"id":2999,"href":"https:\/\/elregionaldigital.info\/index.php?rest_route=\/wp\/v2\/posts\/2997\/revisions\/2999"}],"wp:featuredmedia":[{"embeddable":true,"href":"https:\/\/elregionaldigital.info\/index.php?rest_route=\/wp\/v2\/media\/2998"}],"wp:attachment":[{"href":"https:\/\/elregionaldigital.info\/index.php?rest_route=%2Fwp%2Fv2%2Fmedia&parent=2997"}],"wp:term":[{"taxonomy":"category","embeddable":true,"href":"https:\/\/elregionaldigital.info\/index.php?rest_route=%2Fwp%2Fv2%2Fcategories&post=2997"},{"taxonomy":"post_tag","embeddable":true,"href":"https:\/\/elregionaldigital.info\/index.php?rest_route=%2Fwp%2Fv2%2Ftags&post=2997"}],"curies":[{"name":"wp","href":"https:\/\/api.w.org\/{rel}","templated":true}]}}