{"id":2994,"date":"2024-07-06T12:55:57","date_gmt":"2024-07-06T12:55:57","guid":{"rendered":"http:\/\/elregionaldigital.info\/?p=2994"},"modified":"2024-07-08T12:56:31","modified_gmt":"2024-07-08T12:56:31","slug":"realiza-la-uat-encuentro-para-la-difusion-de-la-historia-de-tamaulipas","status":"publish","type":"post","link":"https:\/\/elregionaldigital.info\/?p=2994","title":{"rendered":"Realiza la UAT encuentro para la difusi\u00f3n de la historia de Tamaulipas"},"content":{"rendered":"\n<p><\/p>\n\n\n\n<p>El Tercer Encuentro de Historia de Tamaulipas celebrado en esta capital, se<br>consolid\u00f3 una vez m\u00e1s como un espacio esencial para el intercambio y la reflexi\u00f3n<br>de la historia en la regi\u00f3n, reafirmando el compromiso de la Universidad Aut\u00f3noma<br>de Tamaulipas (UAT) con la investigaci\u00f3n y difusi\u00f3n del conocimiento hist\u00f3rico.<br>A lo largo de los tres d\u00edas de actividades, se desarrollaron diversas mesas<br>de trabajo donde se abordaron temas que incluyeron historia colonial, arqueolog\u00eda,<br>historia pol\u00edtica, econ\u00f3mica y social, as\u00ed como la preservaci\u00f3n del patrimonio<br>cultural y natural de Tamaulipas; adem\u00e1s de presentaciones editoriales, como la<br>nueva versi\u00f3n digital de la revista Septentri\u00f3n publicada por la UAT.<br>El evento que reuni\u00f3 a destacados investigadores y profesionales del<br>campo hist\u00f3rico fue organizado a trav\u00e9s del Instituto de Investigaciones Hist\u00f3ricas<br>de la Secretar\u00eda de Investigaci\u00f3n y Posgrado de la UAT, en colaboraci\u00f3n con el<br>Instituto Tamaulipeco para la Cultura y las Artes, teniendo como sede el Museo de<br>Historia Regional de Tamaulipas.<br>Tambi\u00e9n participaron estudiantes y egresados de la Licenciatura en Historia<br>y Gesti\u00f3n del Patrimonio Cultural de la Facultad de Ciencias de la Educaci\u00f3n y<br>Humanidades, destac\u00e1ndose la contribuci\u00f3n profesional y el fortalecimiento de la<br>UAT en este campo.<br>En la ceremonia inaugural del Tercer Encuentro de Historia de Tamaulipas,<br>acudi\u00f3 con la representaci\u00f3n del rector D\u00e1maso Anaya Alvarado, el Dr. Fernando<br>Leal R\u00edos, secretario de Investigaci\u00f3n y Posgrado de la UAT.<br>Tambi\u00e9n estuvo presente la Lic. Brenda Denisse de la Cruz L\u00f3pez, directora<br>del Instituto Tamaulipeco para la Cultura y las Artes; el Dr. Octavio Herrera P\u00e9rez,<br>director del Instituto de Investigaciones Hist\u00f3ricas de la UAT; y la Dra. Elsa<\/p>\n\n\n\n<p>Fernanda Gonz\u00e1lez Quintero, directora de la Facultad de Ciencias de la Educaci\u00f3n y<br>Humanidades, entre otras personalidades.<\/p>\n","protected":false},"excerpt":{"rendered":"<p>El Tercer Encuentro de Historia de Tamaulipas celebrado en esta capital, seconsolid\u00f3 una vez m\u00e1s como un espacio esencial para el intercambio y la reflexi\u00f3nde la historia en la regi\u00f3n, reafirmando el compromiso de la Universidad Aut\u00f3nomade Tamaulipas (UAT) con la investigaci\u00f3n y difusi\u00f3n del conocimiento hist\u00f3rico.A lo largo de los tres d\u00edas de actividades, [&hellip;]<\/p>\n","protected":false},"author":1,"featured_media":2995,"comment_status":"open","ping_status":"open","sticky":false,"template":"","format":"standard","meta":{"footnotes":""},"categories":[4],"tags":[],"class_list":["post-2994","post","type-post","status-publish","format-standard","has-post-thumbnail","hentry","category-universidades"],"blog_post_layout_featured_media_urls":{"thumbnail":["https:\/\/elregionaldigital.info\/wp-content\/uploads\/2024\/07\/3-1-150x150.jpg",150,150,true],"full":["https:\/\/elregionaldigital.info\/wp-content\/uploads\/2024\/07\/3-1-scaled.jpg",2560,1707,false]},"categories_names":{"4":{"name":"Universidades","link":"https:\/\/elregionaldigital.info\/?cat=4"}},"tags_names":[],"comments_number":"0","wpmagazine_modules_lite_featured_media_urls":{"thumbnail":["https:\/\/elregionaldigital.info\/wp-content\/uploads\/2024\/07\/3-1-150x150.jpg",150,150,true],"cvmm-medium":["https:\/\/elregionaldigital.info\/wp-content\/uploads\/2024\/07\/3-1-300x300.jpg",300,300,true],"cvmm-medium-plus":["https:\/\/elregionaldigital.info\/wp-content\/uploads\/2024\/07\/3-1-305x207.jpg",305,207,true],"cvmm-portrait":["https:\/\/elregionaldigital.info\/wp-content\/uploads\/2024\/07\/3-1-400x600.jpg",400,600,true],"cvmm-medium-square":["https:\/\/elregionaldigital.info\/wp-content\/uploads\/2024\/07\/3-1-600x600.jpg",600,600,true],"cvmm-large":["https:\/\/elregionaldigital.info\/wp-content\/uploads\/2024\/07\/3-1-1024x1024.jpg",1024,1024,true],"cvmm-small":["https:\/\/elregionaldigital.info\/wp-content\/uploads\/2024\/07\/3-1-130x95.jpg",130,95,true],"full":["https:\/\/elregionaldigital.info\/wp-content\/uploads\/2024\/07\/3-1-scaled.jpg",2560,1707,false]},"_links":{"self":[{"href":"https:\/\/elregionaldigital.info\/index.php?rest_route=\/wp\/v2\/posts\/2994","targetHints":{"allow":["GET"]}}],"collection":[{"href":"https:\/\/elregionaldigital.info\/index.php?rest_route=\/wp\/v2\/posts"}],"about":[{"href":"https:\/\/elregionaldigital.info\/index.php?rest_route=\/wp\/v2\/types\/post"}],"author":[{"embeddable":true,"href":"https:\/\/elregionaldigital.info\/index.php?rest_route=\/wp\/v2\/users\/1"}],"replies":[{"embeddable":true,"href":"https:\/\/elregionaldigital.info\/index.php?rest_route=%2Fwp%2Fv2%2Fcomments&post=2994"}],"version-history":[{"count":1,"href":"https:\/\/elregionaldigital.info\/index.php?rest_route=\/wp\/v2\/posts\/2994\/revisions"}],"predecessor-version":[{"id":2996,"href":"https:\/\/elregionaldigital.info\/index.php?rest_route=\/wp\/v2\/posts\/2994\/revisions\/2996"}],"wp:featuredmedia":[{"embeddable":true,"href":"https:\/\/elregionaldigital.info\/index.php?rest_route=\/wp\/v2\/media\/2995"}],"wp:attachment":[{"href":"https:\/\/elregionaldigital.info\/index.php?rest_route=%2Fwp%2Fv2%2Fmedia&parent=2994"}],"wp:term":[{"taxonomy":"category","embeddable":true,"href":"https:\/\/elregionaldigital.info\/index.php?rest_route=%2Fwp%2Fv2%2Fcategories&post=2994"},{"taxonomy":"post_tag","embeddable":true,"href":"https:\/\/elregionaldigital.info\/index.php?rest_route=%2Fwp%2Fv2%2Ftags&post=2994"}],"curies":[{"name":"wp","href":"https:\/\/api.w.org\/{rel}","templated":true}]}}