{"id":298,"date":"2022-10-13T16:39:32","date_gmt":"2022-10-13T16:39:32","guid":{"rendered":"http:\/\/elregionaldigital.info\/?p=298"},"modified":"2022-10-13T17:01:59","modified_gmt":"2022-10-13T17:01:59","slug":"amlo-pide-revisar-reforma-sobre-cuentas-abandonadas-en-bancos","status":"publish","type":"post","link":"https:\/\/elregionaldigital.info\/?p=298","title":{"rendered":"AMLO pide revisar reforma sobre cuentas abandonadas en bancos"},"content":{"rendered":"\n<figure class=\"wp-block-image size-large\"><img loading=\"lazy\" decoding=\"async\" width=\"1024\" height=\"618\" src=\"http:\/\/elregionaldigital.info\/wp-content\/uploads\/2022\/10\/010amlo-conferencia-3-1024x618.webp\" alt=\"\" class=\"wp-image-299\" srcset=\"https:\/\/elregionaldigital.info\/wp-content\/uploads\/2022\/10\/010amlo-conferencia-3-1024x618.webp 1024w, https:\/\/elregionaldigital.info\/wp-content\/uploads\/2022\/10\/010amlo-conferencia-3-300x181.webp 300w, https:\/\/elregionaldigital.info\/wp-content\/uploads\/2022\/10\/010amlo-conferencia-3-768x464.webp 768w, https:\/\/elregionaldigital.info\/wp-content\/uploads\/2022\/10\/010amlo-conferencia-3.webp 1201w\" sizes=\"auto, (max-width: 1024px) 100vw, 1024px\" \/><\/figure>\n\n\n\n<p>El presidente L\u00f3pez Obrador pidi\u00f3 al Senado analizar con cuidado la minuta aprobada por diputados para disponer de recursos abandonados en instituciones financieras, porque lo ideal es que fueran para programas sociales<\/p>\n\n\n\n<p>El<a href=\"https:\/\/www.eluniversal.com.mx\/nacion\/la-mananera-de-amlo-13-de-octubre-minuto-minuto-1\" target=\"_blank\" rel=\"noreferrer noopener\"><strong>&nbsp;presidente Andr\u00e9s Manuel L\u00f3pez Obrador&nbsp;<\/strong><\/a>pidi\u00f3 al&nbsp;<strong>Senado<\/strong>&nbsp;analizar con cuidado la minuta aprobada por la&nbsp;<strong>C\u00e1mara de Diputados<\/strong>&nbsp;para disponer de&nbsp;<strong>recursos abandonados<\/strong>&nbsp;en&nbsp;<strong>instituciones financieras,<\/strong>&nbsp;porque en lugar de que ese dinero se destine a la&nbsp;<strong>seguridad<\/strong>, lo ideal es que fueran para&nbsp;<strong>programas sociales.<\/strong><\/p>\n\n\n\n<p>\u201cPido con todo respeto al Poder Legislativo que informen y que se profundice m\u00e1s sobre el tema, todav\u00eda tiene que ir al Senado, porque parece que lo confiscado un porcentaje es para la Federaci\u00f3n, otro para los estados y la seguridad. Y yo dir\u00eda no, que sea para personas con discapacidad, para adultos mayores y para la salud\u201d.<\/p>\n\n\n\n<p>En conferencia de prensa, en Palacio Nacional, el Mandatario dijo que ayer se arm\u00f3 un l\u00edo en redes sociales responsabiliz\u00e1ndolo de que ahora quer\u00eda \u201cconfiscar cuentas bancarias\u201d.<\/p>\n\n\n\n<p>\u201cPara empezar es una iniciativa de legisladores que tiene que ver con la delincuencia, se aprob\u00f3 por unanimidad y como me echan la culpa de todo, yo pido con todo respeto al poder legislativo que informen\u2026\u201d<\/p>\n\n\n\n<p>\u201cY cuando empez\u00f3 la campa\u00f1a est\u00e1 de que todo es culpa de nosotros; hubo uno que puso no tiene llenadera el Presidente, porque el prop\u00f3sito es siempre siempre afectarnos mucho\u201d.<\/p>\n\n\n\n<p>El Jefe del Ejecutivo se\u00f1al\u00f3 que no es para presumir, pero se cuenta en caja como medio bill\u00f3n de pesos, no es que estemos desesperados.<\/p>\n\n\n\n<p>El subsecretario de Seguridad, Ricardo Mej\u00eda explic\u00f3 que el espirito de la ley es que esos bienes financieros, cuentas de la delincuencia que no son reclamadas por grupos delictivos, se puedan recuperar y usar una parte para temas de beneficiencia y otros para seguridad.<\/p>\n\n\n\n<p>\u201cNo es apropiarse de ninguna cuenta sino bienes que no son reclamados, en tema de extorsi\u00f3n hay 14 mil millones de pesos, son recursos que se les quitan o se bloquean, por ello la idea es que apoyen al pa\u00eds a un fin l\u00edcito\u201d.<\/p>\n\n\n\n<p><\/p>\n","protected":false},"excerpt":{"rendered":"<p>El presidente L\u00f3pez Obrador pidi\u00f3 al Senado analizar con cuidado la minuta aprobada por diputados para disponer de recursos abandonados en instituciones financieras, porque lo ideal es que fueran para programas sociales El&nbsp;presidente Andr\u00e9s Manuel L\u00f3pez Obrador&nbsp;pidi\u00f3 al&nbsp;Senado&nbsp;analizar con cuidado la minuta aprobada por la&nbsp;C\u00e1mara de Diputados&nbsp;para disponer de&nbsp;recursos abandonados&nbsp;en&nbsp;instituciones financieras,&nbsp;porque en lugar de que [&hellip;]<\/p>\n","protected":false},"author":1,"featured_media":299,"comment_status":"open","ping_status":"open","sticky":false,"template":"","format":"standard","meta":{"footnotes":""},"categories":[5],"tags":[],"class_list":["post-298","post","type-post","status-publish","format-standard","has-post-thumbnail","hentry","category-nacional"],"blog_post_layout_featured_media_urls":{"thumbnail":["https:\/\/elregionaldigital.info\/wp-content\/uploads\/2022\/10\/010amlo-conferencia-3-150x150.webp",150,150,true],"full":["https:\/\/elregionaldigital.info\/wp-content\/uploads\/2022\/10\/010amlo-conferencia-3.webp",1201,725,false]},"categories_names":{"5":{"name":"Nacional","link":"https:\/\/elregionaldigital.info\/?cat=5"}},"tags_names":[],"comments_number":"0","wpmagazine_modules_lite_featured_media_urls":{"thumbnail":["https:\/\/elregionaldigital.info\/wp-content\/uploads\/2022\/10\/010amlo-conferencia-3-150x150.webp",150,150,true],"cvmm-medium":["https:\/\/elregionaldigital.info\/wp-content\/uploads\/2022\/10\/010amlo-conferencia-3-300x300.webp",300,300,true],"cvmm-medium-plus":["https:\/\/elregionaldigital.info\/wp-content\/uploads\/2022\/10\/010amlo-conferencia-3-305x207.webp",305,207,true],"cvmm-portrait":["https:\/\/elregionaldigital.info\/wp-content\/uploads\/2022\/10\/010amlo-conferencia-3-400x600.webp",400,600,true],"cvmm-medium-square":["https:\/\/elregionaldigital.info\/wp-content\/uploads\/2022\/10\/010amlo-conferencia-3-600x600.webp",600,600,true],"cvmm-large":["https:\/\/elregionaldigital.info\/wp-content\/uploads\/2022\/10\/010amlo-conferencia-3-1024x725.webp",1024,725,true],"cvmm-small":["https:\/\/elregionaldigital.info\/wp-content\/uploads\/2022\/10\/010amlo-conferencia-3-130x95.webp",130,95,true],"full":["https:\/\/elregionaldigital.info\/wp-content\/uploads\/2022\/10\/010amlo-conferencia-3.webp",1201,725,false]},"_links":{"self":[{"href":"https:\/\/elregionaldigital.info\/index.php?rest_route=\/wp\/v2\/posts\/298","targetHints":{"allow":["GET"]}}],"collection":[{"href":"https:\/\/elregionaldigital.info\/index.php?rest_route=\/wp\/v2\/posts"}],"about":[{"href":"https:\/\/elregionaldigital.info\/index.php?rest_route=\/wp\/v2\/types\/post"}],"author":[{"embeddable":true,"href":"https:\/\/elregionaldigital.info\/index.php?rest_route=\/wp\/v2\/users\/1"}],"replies":[{"embeddable":true,"href":"https:\/\/elregionaldigital.info\/index.php?rest_route=%2Fwp%2Fv2%2Fcomments&post=298"}],"version-history":[{"count":2,"href":"https:\/\/elregionaldigital.info\/index.php?rest_route=\/wp\/v2\/posts\/298\/revisions"}],"predecessor-version":[{"id":302,"href":"https:\/\/elregionaldigital.info\/index.php?rest_route=\/wp\/v2\/posts\/298\/revisions\/302"}],"wp:featuredmedia":[{"embeddable":true,"href":"https:\/\/elregionaldigital.info\/index.php?rest_route=\/wp\/v2\/media\/299"}],"wp:attachment":[{"href":"https:\/\/elregionaldigital.info\/index.php?rest_route=%2Fwp%2Fv2%2Fmedia&parent=298"}],"wp:term":[{"taxonomy":"category","embeddable":true,"href":"https:\/\/elregionaldigital.info\/index.php?rest_route=%2Fwp%2Fv2%2Fcategories&post=298"},{"taxonomy":"post_tag","embeddable":true,"href":"https:\/\/elregionaldigital.info\/index.php?rest_route=%2Fwp%2Fv2%2Ftags&post=298"}],"curies":[{"name":"wp","href":"https:\/\/api.w.org\/{rel}","templated":true}]}}