{"id":2979,"date":"2024-07-03T05:50:51","date_gmt":"2024-07-03T05:50:51","guid":{"rendered":"http:\/\/elregionaldigital.info\/?p=2979"},"modified":"2024-07-05T05:53:52","modified_gmt":"2024-07-05T05:53:52","slug":"unicef-evalua-riesgos-por-huracan-beryl-para-los-infantes-en-el-caribe","status":"publish","type":"post","link":"https:\/\/elregionaldigital.info\/?p=2979","title":{"rendered":"Unicef eval\u00faa riesgos por Hurac\u00e1n Beryl para los infantes en el Caribe"},"content":{"rendered":"\n<p>Al menos 3 millones de ni\u00f1os y adolescentes est\u00e1n en riesgo en el Caribe por el paso del hurac\u00e1n Beryl, inform\u00f3 este mi\u00e9rcoles el Fondo de Naciones Unidas para la Infancia (Unicef). El hurac\u00e1n, que se form\u00f3 r\u00e1pidamente y alcanz\u00f3 la categor\u00eda m\u00e1xima de 5 el lunes, ha golpeado varias islas y zonas costeras con fuertes vientos, lluvias torrenciales e inundaciones repentinas.<\/p>\n\n\n\n<p>\u201cA medida que el hurac\u00e1n Beryl contin\u00faa su recorrido por el Mar Caribe, se deben hacer todos los esfuerzos posibles para evitar la p\u00e9rdida de vidas y mantener a los ni\u00f1os y ni\u00f1as seguros\u201d, afirm\u00f3 Karin Hulshof, directora regional de Unicef para Am\u00e9rica Latina y el Caribe, en un comunicado. Hulshof a\u00f1adi\u00f3 que los equipos de Unicef en todo el Caribe est\u00e1n preparados para apoyar los esfuerzos nacionales de asistencia humanitaria a las familias afectadas.<\/p>\n\n\n\n<p>Unicef record\u00f3 que el hurac\u00e1n Beryl ya ha causado estragos en Granada, San Vicente y las Granadinas, Barbados y Santa Luc\u00eda, provocando fuertes vientos, marejadas cicl\u00f3nicas y lluvias intensas que han da\u00f1ado hogares y escuelas, considerados espacios seguros para los ni\u00f1os.<\/p>\n\n\n\n<p>\u201cEs fundamental invertir en las capacidades nacionales para prepararse y responder a emergencias clim\u00e1ticas y proporcionar servicios esenciales a la ni\u00f1ez\u201d, dijo Hulshof. Unicef y sus socios han suministrado previamente botiquines m\u00e9dicos, kits educativos, suministros esenciales de agua, y materiales de saneamiento e higiene.<\/p>\n\n\n\n<p>Am\u00e9rica Latina y el Caribe es la segunda regi\u00f3n m\u00e1s propensa a desastres del mundo, seg\u00fan Unicef. En el Caribe, 1.9 millones de personas, incluido medio mill\u00f3n de menores, se ven afectados por desastres cada a\u00f1o. Los peque\u00f1os estados insulares del Caribe son especialmente vulnerables a las crisis clim\u00e1ticas debido a su tama\u00f1o y exposici\u00f3n a peligros naturales.<\/p>\n\n\n\n<p>El lunes por la noche, Beryl alcanz\u00f3 la categor\u00eda 5, la m\u00e1xima en la escala Saffir-Simpson, y baj\u00f3 a categor\u00eda 4 el martes por la tarde, seg\u00fan el Centro Nacional de Huracanes (NHC) de EE.UU. Al menos siete personas han fallecido hasta ahora por el hurac\u00e1n: tres en Granada, una en San Vicente y las Granadinas, y tres en Venezuela, adem\u00e1s de varias personas desaparecidas.<\/p>\n","protected":false},"excerpt":{"rendered":"<p>Al menos 3 millones de ni\u00f1os y adolescentes est\u00e1n en riesgo en el Caribe por el paso del hurac\u00e1n Beryl, inform\u00f3 este mi\u00e9rcoles el Fondo de Naciones Unidas para la Infancia (Unicef). El hurac\u00e1n, que se form\u00f3 r\u00e1pidamente y alcanz\u00f3 la categor\u00eda m\u00e1xima de 5 el lunes, ha golpeado varias islas y zonas costeras con [&hellip;]<\/p>\n","protected":false},"author":1,"featured_media":2980,"comment_status":"open","ping_status":"open","sticky":false,"template":"","format":"standard","meta":{"footnotes":""},"categories":[11],"tags":[],"class_list":["post-2979","post","type-post","status-publish","format-standard","has-post-thumbnail","hentry","category-mundo"],"blog_post_layout_featured_media_urls":{"thumbnail":["https:\/\/elregionaldigital.info\/wp-content\/uploads\/2024\/07\/66857cb661a9e-150x150.jpeg",150,150,true],"full":["https:\/\/elregionaldigital.info\/wp-content\/uploads\/2024\/07\/66857cb661a9e.jpeg",800,600,false]},"categories_names":{"11":{"name":"Mundo","link":"https:\/\/elregionaldigital.info\/?cat=11"}},"tags_names":[],"comments_number":"0","wpmagazine_modules_lite_featured_media_urls":{"thumbnail":["https:\/\/elregionaldigital.info\/wp-content\/uploads\/2024\/07\/66857cb661a9e-150x150.jpeg",150,150,true],"cvmm-medium":["https:\/\/elregionaldigital.info\/wp-content\/uploads\/2024\/07\/66857cb661a9e-300x300.jpeg",300,300,true],"cvmm-medium-plus":["https:\/\/elregionaldigital.info\/wp-content\/uploads\/2024\/07\/66857cb661a9e-305x207.jpeg",305,207,true],"cvmm-portrait":["https:\/\/elregionaldigital.info\/wp-content\/uploads\/2024\/07\/66857cb661a9e-400x600.jpeg",400,600,true],"cvmm-medium-square":["https:\/\/elregionaldigital.info\/wp-content\/uploads\/2024\/07\/66857cb661a9e-600x600.jpeg",600,600,true],"cvmm-large":["https:\/\/elregionaldigital.info\/wp-content\/uploads\/2024\/07\/66857cb661a9e.jpeg",800,600,false],"cvmm-small":["https:\/\/elregionaldigital.info\/wp-content\/uploads\/2024\/07\/66857cb661a9e-130x95.jpeg",130,95,true],"full":["https:\/\/elregionaldigital.info\/wp-content\/uploads\/2024\/07\/66857cb661a9e.jpeg",800,600,false]},"_links":{"self":[{"href":"https:\/\/elregionaldigital.info\/index.php?rest_route=\/wp\/v2\/posts\/2979","targetHints":{"allow":["GET"]}}],"collection":[{"href":"https:\/\/elregionaldigital.info\/index.php?rest_route=\/wp\/v2\/posts"}],"about":[{"href":"https:\/\/elregionaldigital.info\/index.php?rest_route=\/wp\/v2\/types\/post"}],"author":[{"embeddable":true,"href":"https:\/\/elregionaldigital.info\/index.php?rest_route=\/wp\/v2\/users\/1"}],"replies":[{"embeddable":true,"href":"https:\/\/elregionaldigital.info\/index.php?rest_route=%2Fwp%2Fv2%2Fcomments&post=2979"}],"version-history":[{"count":1,"href":"https:\/\/elregionaldigital.info\/index.php?rest_route=\/wp\/v2\/posts\/2979\/revisions"}],"predecessor-version":[{"id":2981,"href":"https:\/\/elregionaldigital.info\/index.php?rest_route=\/wp\/v2\/posts\/2979\/revisions\/2981"}],"wp:featuredmedia":[{"embeddable":true,"href":"https:\/\/elregionaldigital.info\/index.php?rest_route=\/wp\/v2\/media\/2980"}],"wp:attachment":[{"href":"https:\/\/elregionaldigital.info\/index.php?rest_route=%2Fwp%2Fv2%2Fmedia&parent=2979"}],"wp:term":[{"taxonomy":"category","embeddable":true,"href":"https:\/\/elregionaldigital.info\/index.php?rest_route=%2Fwp%2Fv2%2Fcategories&post=2979"},{"taxonomy":"post_tag","embeddable":true,"href":"https:\/\/elregionaldigital.info\/index.php?rest_route=%2Fwp%2Fv2%2Ftags&post=2979"}],"curies":[{"name":"wp","href":"https:\/\/api.w.org\/{rel}","templated":true}]}}