{"id":2970,"date":"2024-07-05T05:43:47","date_gmt":"2024-07-05T05:43:47","guid":{"rendered":"http:\/\/elregionaldigital.info\/?p=2970"},"modified":"2024-07-06T15:19:08","modified_gmt":"2024-07-06T15:19:08","slug":"trailer-cae-del-puente-de-autopista-saltillo-monterrey","status":"publish","type":"post","link":"https:\/\/elregionaldigital.info\/?p=2970","title":{"rendered":"Tr\u00e1iler cae del puente de autopista Saltillo Monterrey"},"content":{"rendered":"\n<p>Un tr\u00e1iler que circulaba por el puente de la autopista Monterrey-Saltillo cay\u00f3 sobre varias unidades, dejando un saldo de siete personas lesionadas, entre ellas, dos menores de edad.<\/p>\n\n\n\n<p>Los hechos tuvieron lugar durante la ma\u00f1ana de este jueves sobre la mencionada v\u00eda, que comunica los estados de Nuevo Le\u00f3n y Coahuila, en direcci\u00f3n hacia Monterrey.<br>Protecci\u00f3n Civil inform\u00f3 que el incidente se registr\u00f3 a las 10:05 horas, a la altura del municipio de Santa Catarina, cerca del acceso al Parque la Huasteca.<\/p>\n\n\n\n<p>\u201cUnidad de Protecci\u00f3n Civil de Nuevo Le\u00f3n acude a reporte de la ca\u00edda de un tr\u00e1iler del puente de la autopista hacia la calle Miguel Alem\u00e1n\u201d<\/p>\n\n\n\n<p>En el lugar se reportaron al menos siete personas lesionadas, entre ellas dos menores, as\u00ed como siete veh\u00edculos involucrados, incluido el tr\u00e1iler.<\/p>\n","protected":false},"excerpt":{"rendered":"<p>Un tr\u00e1iler que circulaba por el puente de la autopista Monterrey-Saltillo cay\u00f3 sobre varias unidades, dejando un saldo de siete personas lesionadas, entre ellas, dos menores de edad. Los hechos tuvieron lugar durante la ma\u00f1ana de este jueves sobre la mencionada v\u00eda, que comunica los estados de Nuevo Le\u00f3n y Coahuila, en direcci\u00f3n hacia Monterrey.Protecci\u00f3n [&hellip;]<\/p>\n","protected":false},"author":1,"featured_media":2971,"comment_status":"open","ping_status":"open","sticky":false,"template":"","format":"standard","meta":{"footnotes":""},"categories":[5],"tags":[],"class_list":["post-2970","post","type-post","status-publish","format-standard","has-post-thumbnail","hentry","category-nacional"],"blog_post_layout_featured_media_urls":{"thumbnail":["https:\/\/elregionaldigital.info\/wp-content\/uploads\/2024\/07\/photo_2024-07-04_19-06-40-150x150.jpg",150,150,true],"full":["https:\/\/elregionaldigital.info\/wp-content\/uploads\/2024\/07\/photo_2024-07-04_19-06-40.jpg",1184,617,false]},"categories_names":{"5":{"name":"Nacional","link":"https:\/\/elregionaldigital.info\/?cat=5"}},"tags_names":[],"comments_number":"0","wpmagazine_modules_lite_featured_media_urls":{"thumbnail":["https:\/\/elregionaldigital.info\/wp-content\/uploads\/2024\/07\/photo_2024-07-04_19-06-40-150x150.jpg",150,150,true],"cvmm-medium":["https:\/\/elregionaldigital.info\/wp-content\/uploads\/2024\/07\/photo_2024-07-04_19-06-40-300x300.jpg",300,300,true],"cvmm-medium-plus":["https:\/\/elregionaldigital.info\/wp-content\/uploads\/2024\/07\/photo_2024-07-04_19-06-40-305x207.jpg",305,207,true],"cvmm-portrait":["https:\/\/elregionaldigital.info\/wp-content\/uploads\/2024\/07\/photo_2024-07-04_19-06-40-400x600.jpg",400,600,true],"cvmm-medium-square":["https:\/\/elregionaldigital.info\/wp-content\/uploads\/2024\/07\/photo_2024-07-04_19-06-40-600x600.jpg",600,600,true],"cvmm-large":["https:\/\/elregionaldigital.info\/wp-content\/uploads\/2024\/07\/photo_2024-07-04_19-06-40-1024x617.jpg",1024,617,true],"cvmm-small":["https:\/\/elregionaldigital.info\/wp-content\/uploads\/2024\/07\/photo_2024-07-04_19-06-40-130x95.jpg",130,95,true],"full":["https:\/\/elregionaldigital.info\/wp-content\/uploads\/2024\/07\/photo_2024-07-04_19-06-40.jpg",1184,617,false]},"_links":{"self":[{"href":"https:\/\/elregionaldigital.info\/index.php?rest_route=\/wp\/v2\/posts\/2970","targetHints":{"allow":["GET"]}}],"collection":[{"href":"https:\/\/elregionaldigital.info\/index.php?rest_route=\/wp\/v2\/posts"}],"about":[{"href":"https:\/\/elregionaldigital.info\/index.php?rest_route=\/wp\/v2\/types\/post"}],"author":[{"embeddable":true,"href":"https:\/\/elregionaldigital.info\/index.php?rest_route=\/wp\/v2\/users\/1"}],"replies":[{"embeddable":true,"href":"https:\/\/elregionaldigital.info\/index.php?rest_route=%2Fwp%2Fv2%2Fcomments&post=2970"}],"version-history":[{"count":1,"href":"https:\/\/elregionaldigital.info\/index.php?rest_route=\/wp\/v2\/posts\/2970\/revisions"}],"predecessor-version":[{"id":2972,"href":"https:\/\/elregionaldigital.info\/index.php?rest_route=\/wp\/v2\/posts\/2970\/revisions\/2972"}],"wp:featuredmedia":[{"embeddable":true,"href":"https:\/\/elregionaldigital.info\/index.php?rest_route=\/wp\/v2\/media\/2971"}],"wp:attachment":[{"href":"https:\/\/elregionaldigital.info\/index.php?rest_route=%2Fwp%2Fv2%2Fmedia&parent=2970"}],"wp:term":[{"taxonomy":"category","embeddable":true,"href":"https:\/\/elregionaldigital.info\/index.php?rest_route=%2Fwp%2Fv2%2Fcategories&post=2970"},{"taxonomy":"post_tag","embeddable":true,"href":"https:\/\/elregionaldigital.info\/index.php?rest_route=%2Fwp%2Fv2%2Ftags&post=2970"}],"curies":[{"name":"wp","href":"https:\/\/api.w.org\/{rel}","templated":true}]}}