{"id":2967,"date":"2024-07-03T15:54:37","date_gmt":"2024-07-03T15:54:37","guid":{"rendered":"http:\/\/elregionaldigital.info\/?p=2967"},"modified":"2024-07-04T15:55:08","modified_gmt":"2024-07-04T15:55:08","slug":"el-cu-victoria-de-la-uat-es-sede-del-torneo-estatal-de-judo","status":"publish","type":"post","link":"https:\/\/elregionaldigital.info\/?p=2967","title":{"rendered":"El CU Victoria de la UAT es sede del torneo estatal de Judo"},"content":{"rendered":"\n<p>Con car\u00e1cter de clasificatorio para eventos nacionales de Federaci\u00f3n, el pr\u00f3ximo s\u00e1bado 13<br>de julio se llevar\u00e1 a cabo el Torneo Estatal Selectivo de Judo, que organiza la Asociaci\u00f3n<br>Tamaulipeca de la especialidad, con el respaldo de la Universidad Aut\u00f3noma de Tamaulipas<br>(UAT) a trav\u00e9s de su Direcci\u00f3n de Deportes y Recreaci\u00f3n de la Secretar\u00eda de Vinculaci\u00f3n.<br>La competencia tendr\u00e1 verificativo en el Gimnasio Universitario del campus Victoria, a<br>partir de las 9:00 de la ma\u00f1ana, empezando con las categor\u00edas Mini Baby (5 y 6 a\u00f1os de<br>edad) y la Baby (7-8).<br>A partir de las 11:00 horas, entrar\u00e1n en acci\u00f3n la Pre Infantil (9 -10), Sub-13, Sub-15,<br>Cadetes Sub-18, Junior Sub-21, Primera Fuerza, y de 15 a\u00f1os en adelante, en todas sus<br>divisiones, ambas ramas.<br>Cecilia Mart\u00ednez Aguilera, presidenta de la Asociaci\u00f3n Tamaulipeca de Judo A.C. y Sensei<br>del Dojo UAT Victoria, espera la participaci\u00f3n de m\u00e1s de 40 exponentes de los dojos<br>Musashi, Alfa, Siglo XXI, Ronin, Judokan, Judo Forza y Judos Sport.<\/p>\n","protected":false},"excerpt":{"rendered":"<p>Con car\u00e1cter de clasificatorio para eventos nacionales de Federaci\u00f3n, el pr\u00f3ximo s\u00e1bado 13de julio se llevar\u00e1 a cabo el Torneo Estatal Selectivo de Judo, que organiza la Asociaci\u00f3nTamaulipeca de la especialidad, con el respaldo de la Universidad Aut\u00f3noma de Tamaulipas(UAT) a trav\u00e9s de su Direcci\u00f3n de Deportes y Recreaci\u00f3n de la Secretar\u00eda de Vinculaci\u00f3n.La competencia [&hellip;]<\/p>\n","protected":false},"author":1,"featured_media":2968,"comment_status":"open","ping_status":"open","sticky":false,"template":"","format":"standard","meta":{"footnotes":""},"categories":[6,4],"tags":[],"class_list":["post-2967","post","type-post","status-publish","format-standard","has-post-thumbnail","hentry","category-deportes","category-universidades"],"blog_post_layout_featured_media_urls":{"thumbnail":["https:\/\/elregionaldigital.info\/wp-content\/uploads\/2024\/07\/WhatsApp-Image-2024-07-03-at-13.03.50-4-150x150.jpeg",150,150,true],"full":["https:\/\/elregionaldigital.info\/wp-content\/uploads\/2024\/07\/WhatsApp-Image-2024-07-03-at-13.03.50-4.jpeg",1291,892,false]},"categories_names":{"6":{"name":"Deportes","link":"https:\/\/elregionaldigital.info\/?cat=6"},"4":{"name":"Universidades","link":"https:\/\/elregionaldigital.info\/?cat=4"}},"tags_names":[],"comments_number":"0","wpmagazine_modules_lite_featured_media_urls":{"thumbnail":["https:\/\/elregionaldigital.info\/wp-content\/uploads\/2024\/07\/WhatsApp-Image-2024-07-03-at-13.03.50-4-150x150.jpeg",150,150,true],"cvmm-medium":["https:\/\/elregionaldigital.info\/wp-content\/uploads\/2024\/07\/WhatsApp-Image-2024-07-03-at-13.03.50-4-300x300.jpeg",300,300,true],"cvmm-medium-plus":["https:\/\/elregionaldigital.info\/wp-content\/uploads\/2024\/07\/WhatsApp-Image-2024-07-03-at-13.03.50-4-305x207.jpeg",305,207,true],"cvmm-portrait":["https:\/\/elregionaldigital.info\/wp-content\/uploads\/2024\/07\/WhatsApp-Image-2024-07-03-at-13.03.50-4-400x600.jpeg",400,600,true],"cvmm-medium-square":["https:\/\/elregionaldigital.info\/wp-content\/uploads\/2024\/07\/WhatsApp-Image-2024-07-03-at-13.03.50-4-600x600.jpeg",600,600,true],"cvmm-large":["https:\/\/elregionaldigital.info\/wp-content\/uploads\/2024\/07\/WhatsApp-Image-2024-07-03-at-13.03.50-4-1024x892.jpeg",1024,892,true],"cvmm-small":["https:\/\/elregionaldigital.info\/wp-content\/uploads\/2024\/07\/WhatsApp-Image-2024-07-03-at-13.03.50-4-130x95.jpeg",130,95,true],"full":["https:\/\/elregionaldigital.info\/wp-content\/uploads\/2024\/07\/WhatsApp-Image-2024-07-03-at-13.03.50-4.jpeg",1291,892,false]},"_links":{"self":[{"href":"https:\/\/elregionaldigital.info\/index.php?rest_route=\/wp\/v2\/posts\/2967","targetHints":{"allow":["GET"]}}],"collection":[{"href":"https:\/\/elregionaldigital.info\/index.php?rest_route=\/wp\/v2\/posts"}],"about":[{"href":"https:\/\/elregionaldigital.info\/index.php?rest_route=\/wp\/v2\/types\/post"}],"author":[{"embeddable":true,"href":"https:\/\/elregionaldigital.info\/index.php?rest_route=\/wp\/v2\/users\/1"}],"replies":[{"embeddable":true,"href":"https:\/\/elregionaldigital.info\/index.php?rest_route=%2Fwp%2Fv2%2Fcomments&post=2967"}],"version-history":[{"count":1,"href":"https:\/\/elregionaldigital.info\/index.php?rest_route=\/wp\/v2\/posts\/2967\/revisions"}],"predecessor-version":[{"id":2969,"href":"https:\/\/elregionaldigital.info\/index.php?rest_route=\/wp\/v2\/posts\/2967\/revisions\/2969"}],"wp:featuredmedia":[{"embeddable":true,"href":"https:\/\/elregionaldigital.info\/index.php?rest_route=\/wp\/v2\/media\/2968"}],"wp:attachment":[{"href":"https:\/\/elregionaldigital.info\/index.php?rest_route=%2Fwp%2Fv2%2Fmedia&parent=2967"}],"wp:term":[{"taxonomy":"category","embeddable":true,"href":"https:\/\/elregionaldigital.info\/index.php?rest_route=%2Fwp%2Fv2%2Fcategories&post=2967"},{"taxonomy":"post_tag","embeddable":true,"href":"https:\/\/elregionaldigital.info\/index.php?rest_route=%2Fwp%2Fv2%2Ftags&post=2967"}],"curies":[{"name":"wp","href":"https:\/\/api.w.org\/{rel}","templated":true}]}}