{"id":2958,"date":"2024-07-01T15:37:32","date_gmt":"2024-07-01T15:37:32","guid":{"rendered":"http:\/\/elregionaldigital.info\/?p=2958"},"modified":"2024-07-02T15:38:02","modified_gmt":"2024-07-02T15:38:02","slug":"laura-melisa-karateca-de-la-uat-es-campeona-nacional","status":"publish","type":"post","link":"https:\/\/elregionaldigital.info\/?p=2958","title":{"rendered":"Laura Melisa, karateca de la UAT, es campeona nacional"},"content":{"rendered":"\n<p>Imponiendo condiciones de principio a fin en la categor\u00eda U21, modalidad Kumite,<br>Divisi\u00f3n -54 kg, la karateca Laura Melisa Zamora Espa\u00f1a se proclam\u00f3 campeona de<br>M\u00e9xico de la especialidad en los Juegos Nacionales CONADE 2024, celebrados en<br>Guadalajara, Jalisco.<br>Laura cursa el cuarto semestre de la Licenciatura de Administraci\u00f3n de Empresas en<br>la Facultad de Comercio, Administraci\u00f3n y Ciencias Sociales Nuevo Laredo, de la<br>Universidad Aut\u00f3noma de Tamaulipas (UAT).<br>Bajo el mando del sensei Tom\u00e1s Rodr\u00edguez Zamora, tambi\u00e9n medallista<br>universitario, Laura se impuso en la primera ronda a su similar de Tabasco 9-4, en acciones<br>celebradas en las instalaciones del Consejo Estatal para el Fomento Deportivo (CODE) de<br>Jalisco.<br>En la segunda ronda batall\u00f3, pero al final venci\u00f3 por la m\u00ednima diferencia a<br>Yucat\u00e1n, y posteriormente, en la ronda semifinal, le gan\u00f3 7-4 a Jalisco.<br>Ya en la final se impuso 10-2 a Guanajuato para subir a lo m\u00e1s alto del podio y traer<br>la medalla para Tamaulipas.<br>Cabe se\u00f1alar que Laura culmin\u00f3 el primer semestre de este 2024 con medalla de<br>bronce en la Universiada Nacional celebrada en Aguascalientes y con oro en los Juegos<br>Nacionales CONADE.<\/p>\n","protected":false},"excerpt":{"rendered":"<p>Imponiendo condiciones de principio a fin en la categor\u00eda U21, modalidad Kumite,Divisi\u00f3n -54 kg, la karateca Laura Melisa Zamora Espa\u00f1a se proclam\u00f3 campeona deM\u00e9xico de la especialidad en los Juegos Nacionales CONADE 2024, celebrados enGuadalajara, Jalisco.Laura cursa el cuarto semestre de la Licenciatura de Administraci\u00f3n de Empresas enla Facultad de Comercio, Administraci\u00f3n y Ciencias Sociales [&hellip;]<\/p>\n","protected":false},"author":1,"featured_media":2959,"comment_status":"open","ping_status":"open","sticky":false,"template":"","format":"standard","meta":{"footnotes":""},"categories":[6,4],"tags":[],"class_list":["post-2958","post","type-post","status-publish","format-standard","has-post-thumbnail","hentry","category-deportes","category-universidades"],"blog_post_layout_featured_media_urls":{"thumbnail":["https:\/\/elregionaldigital.info\/wp-content\/uploads\/2024\/07\/WhatsApp-Image-2024-07-01-at-1.28.27-PM-150x150.jpeg",150,150,true],"full":["https:\/\/elregionaldigital.info\/wp-content\/uploads\/2024\/07\/WhatsApp-Image-2024-07-01-at-1.28.27-PM.jpeg",1200,1600,false]},"categories_names":{"6":{"name":"Deportes","link":"https:\/\/elregionaldigital.info\/?cat=6"},"4":{"name":"Universidades","link":"https:\/\/elregionaldigital.info\/?cat=4"}},"tags_names":[],"comments_number":"0","wpmagazine_modules_lite_featured_media_urls":{"thumbnail":["https:\/\/elregionaldigital.info\/wp-content\/uploads\/2024\/07\/WhatsApp-Image-2024-07-01-at-1.28.27-PM-150x150.jpeg",150,150,true],"cvmm-medium":["https:\/\/elregionaldigital.info\/wp-content\/uploads\/2024\/07\/WhatsApp-Image-2024-07-01-at-1.28.27-PM-300x300.jpeg",300,300,true],"cvmm-medium-plus":["https:\/\/elregionaldigital.info\/wp-content\/uploads\/2024\/07\/WhatsApp-Image-2024-07-01-at-1.28.27-PM-305x207.jpeg",305,207,true],"cvmm-portrait":["https:\/\/elregionaldigital.info\/wp-content\/uploads\/2024\/07\/WhatsApp-Image-2024-07-01-at-1.28.27-PM-400x600.jpeg",400,600,true],"cvmm-medium-square":["https:\/\/elregionaldigital.info\/wp-content\/uploads\/2024\/07\/WhatsApp-Image-2024-07-01-at-1.28.27-PM-600x600.jpeg",600,600,true],"cvmm-large":["https:\/\/elregionaldigital.info\/wp-content\/uploads\/2024\/07\/WhatsApp-Image-2024-07-01-at-1.28.27-PM-1024x1024.jpeg",1024,1024,true],"cvmm-small":["https:\/\/elregionaldigital.info\/wp-content\/uploads\/2024\/07\/WhatsApp-Image-2024-07-01-at-1.28.27-PM-130x95.jpeg",130,95,true],"full":["https:\/\/elregionaldigital.info\/wp-content\/uploads\/2024\/07\/WhatsApp-Image-2024-07-01-at-1.28.27-PM.jpeg",1200,1600,false]},"_links":{"self":[{"href":"https:\/\/elregionaldigital.info\/index.php?rest_route=\/wp\/v2\/posts\/2958","targetHints":{"allow":["GET"]}}],"collection":[{"href":"https:\/\/elregionaldigital.info\/index.php?rest_route=\/wp\/v2\/posts"}],"about":[{"href":"https:\/\/elregionaldigital.info\/index.php?rest_route=\/wp\/v2\/types\/post"}],"author":[{"embeddable":true,"href":"https:\/\/elregionaldigital.info\/index.php?rest_route=\/wp\/v2\/users\/1"}],"replies":[{"embeddable":true,"href":"https:\/\/elregionaldigital.info\/index.php?rest_route=%2Fwp%2Fv2%2Fcomments&post=2958"}],"version-history":[{"count":1,"href":"https:\/\/elregionaldigital.info\/index.php?rest_route=\/wp\/v2\/posts\/2958\/revisions"}],"predecessor-version":[{"id":2960,"href":"https:\/\/elregionaldigital.info\/index.php?rest_route=\/wp\/v2\/posts\/2958\/revisions\/2960"}],"wp:featuredmedia":[{"embeddable":true,"href":"https:\/\/elregionaldigital.info\/index.php?rest_route=\/wp\/v2\/media\/2959"}],"wp:attachment":[{"href":"https:\/\/elregionaldigital.info\/index.php?rest_route=%2Fwp%2Fv2%2Fmedia&parent=2958"}],"wp:term":[{"taxonomy":"category","embeddable":true,"href":"https:\/\/elregionaldigital.info\/index.php?rest_route=%2Fwp%2Fv2%2Fcategories&post=2958"},{"taxonomy":"post_tag","embeddable":true,"href":"https:\/\/elregionaldigital.info\/index.php?rest_route=%2Fwp%2Fv2%2Ftags&post=2958"}],"curies":[{"name":"wp","href":"https:\/\/api.w.org\/{rel}","templated":true}]}}