{"id":2955,"date":"2024-06-18T14:41:40","date_gmt":"2024-06-18T14:41:40","guid":{"rendered":"http:\/\/elregionaldigital.info\/?p=2955"},"modified":"2024-07-01T14:42:13","modified_gmt":"2024-07-01T14:42:13","slug":"suspende-universidad-de-tamaulipas-clases-por-tres-dias-tras-alerta-de-tormenta-alberto","status":"publish","type":"post","link":"https:\/\/elregionaldigital.info\/?p=2955","title":{"rendered":"Suspende Universidad de Tamaulipas clases por tres d\u00edas tras alerta de tormenta \u201cAlberto\u201d"},"content":{"rendered":"\n<p><\/p>\n\n\n\n<p>Atendiendo las medidas de protecci\u00f3n civil anunciadas por el Gobierno del Estado como consecuencia del desarrollo y trayectoria del fen\u00f3meno meteorol\u00f3gico \u201cAlberto\u201d, la Universidad Aut\u00f3noma de Tamaulipas informa que, del mi\u00e9rcoles 19 al viernes 21 de junio, quedan suspendidas las clases en todas las escuelas, facultades y unidades acad\u00e9micas de nuestra casa de estudios.<\/p>\n\n\n\n<p>Con la finalidad de salvaguardar la integridad de nuestra comunidad universitaria, se les invita a seguir las recomendaciones de las autoridades de protecci\u00f3n civil del estado, y a permanecer atentos a la informaci\u00f3n sobre el desarrollo de este fen\u00f3meno climatol\u00f3gico.<\/p>\n\n\n\n<p>Cabe se\u00f1alar que la Universidad tiene campus en las ciudades de Victoria, Tampico, Matamoros, Reynosa, Nuevo Laredo, R\u00edo Bravo, Valle hermoso y El Mante.<\/p>\n\n\n\n<p>En periodos escolares ordinarios son cerca de 43 mil estudiantes los que acuden a las aulas para recibir clases de cerca de tres mil maestros.<\/p>\n\n\n\n<p>Actualmente se encuentran en periodo de ex\u00e1menes en algunas Facultades y Escuelas, de tal forma que son cerca de 15 mil estudiantes.<\/p>\n\n\n\n<p>Este grupo comprende tambi\u00e9n a los estudiantes que toman los cursos de verano.<\/p>\n","protected":false},"excerpt":{"rendered":"<p>Atendiendo las medidas de protecci\u00f3n civil anunciadas por el Gobierno del Estado como consecuencia del desarrollo y trayectoria del fen\u00f3meno meteorol\u00f3gico \u201cAlberto\u201d, la Universidad Aut\u00f3noma de Tamaulipas informa que, del mi\u00e9rcoles 19 al viernes 21 de junio, quedan suspendidas las clases en todas las escuelas, facultades y unidades acad\u00e9micas de nuestra casa de estudios. Con [&hellip;]<\/p>\n","protected":false},"author":1,"featured_media":2956,"comment_status":"open","ping_status":"open","sticky":false,"template":"","format":"standard","meta":{"footnotes":""},"categories":[4],"tags":[],"class_list":["post-2955","post","type-post","status-publish","format-standard","has-post-thumbnail","hentry","category-universidades"],"blog_post_layout_featured_media_urls":{"thumbnail":["https:\/\/elregionaldigital.info\/wp-content\/uploads\/2024\/07\/18estud-750x500-1-150x150.jpg",150,150,true],"full":["https:\/\/elregionaldigital.info\/wp-content\/uploads\/2024\/07\/18estud-750x500-1.jpg",750,500,false]},"categories_names":{"4":{"name":"Universidades","link":"https:\/\/elregionaldigital.info\/?cat=4"}},"tags_names":[],"comments_number":"0","wpmagazine_modules_lite_featured_media_urls":{"thumbnail":["https:\/\/elregionaldigital.info\/wp-content\/uploads\/2024\/07\/18estud-750x500-1-150x150.jpg",150,150,true],"cvmm-medium":["https:\/\/elregionaldigital.info\/wp-content\/uploads\/2024\/07\/18estud-750x500-1-300x300.jpg",300,300,true],"cvmm-medium-plus":["https:\/\/elregionaldigital.info\/wp-content\/uploads\/2024\/07\/18estud-750x500-1-305x207.jpg",305,207,true],"cvmm-portrait":["https:\/\/elregionaldigital.info\/wp-content\/uploads\/2024\/07\/18estud-750x500-1-400x500.jpg",400,500,true],"cvmm-medium-square":["https:\/\/elregionaldigital.info\/wp-content\/uploads\/2024\/07\/18estud-750x500-1-600x500.jpg",600,500,true],"cvmm-large":["https:\/\/elregionaldigital.info\/wp-content\/uploads\/2024\/07\/18estud-750x500-1.jpg",750,500,false],"cvmm-small":["https:\/\/elregionaldigital.info\/wp-content\/uploads\/2024\/07\/18estud-750x500-1-130x95.jpg",130,95,true],"full":["https:\/\/elregionaldigital.info\/wp-content\/uploads\/2024\/07\/18estud-750x500-1.jpg",750,500,false]},"_links":{"self":[{"href":"https:\/\/elregionaldigital.info\/index.php?rest_route=\/wp\/v2\/posts\/2955","targetHints":{"allow":["GET"]}}],"collection":[{"href":"https:\/\/elregionaldigital.info\/index.php?rest_route=\/wp\/v2\/posts"}],"about":[{"href":"https:\/\/elregionaldigital.info\/index.php?rest_route=\/wp\/v2\/types\/post"}],"author":[{"embeddable":true,"href":"https:\/\/elregionaldigital.info\/index.php?rest_route=\/wp\/v2\/users\/1"}],"replies":[{"embeddable":true,"href":"https:\/\/elregionaldigital.info\/index.php?rest_route=%2Fwp%2Fv2%2Fcomments&post=2955"}],"version-history":[{"count":1,"href":"https:\/\/elregionaldigital.info\/index.php?rest_route=\/wp\/v2\/posts\/2955\/revisions"}],"predecessor-version":[{"id":2957,"href":"https:\/\/elregionaldigital.info\/index.php?rest_route=\/wp\/v2\/posts\/2955\/revisions\/2957"}],"wp:featuredmedia":[{"embeddable":true,"href":"https:\/\/elregionaldigital.info\/index.php?rest_route=\/wp\/v2\/media\/2956"}],"wp:attachment":[{"href":"https:\/\/elregionaldigital.info\/index.php?rest_route=%2Fwp%2Fv2%2Fmedia&parent=2955"}],"wp:term":[{"taxonomy":"category","embeddable":true,"href":"https:\/\/elregionaldigital.info\/index.php?rest_route=%2Fwp%2Fv2%2Fcategories&post=2955"},{"taxonomy":"post_tag","embeddable":true,"href":"https:\/\/elregionaldigital.info\/index.php?rest_route=%2Fwp%2Fv2%2Ftags&post=2955"}],"curies":[{"name":"wp","href":"https:\/\/api.w.org\/{rel}","templated":true}]}}