{"id":2952,"date":"2024-06-25T14:35:38","date_gmt":"2024-06-25T14:35:38","guid":{"rendered":"http:\/\/elregionaldigital.info\/?p=2952"},"modified":"2024-07-01T14:36:07","modified_gmt":"2024-07-01T14:36:07","slug":"difunde-la-uat-convocatoria-para-elegir-delegacion-juvenil-mexicana-en-la-onu","status":"publish","type":"post","link":"https:\/\/elregionaldigital.info\/?p=2952","title":{"rendered":"Difunde la UAT convocatoria para elegir delegaci\u00f3n juvenil mexicana en la ONU"},"content":{"rendered":"\n<p>La Universidad Aut\u00f3noma de Tamaulipas (UAT) hace extensiva la invitaci\u00f3n a la comunidad estudiantil a participar en la convocatoria del Programa Delegaci\u00f3n Juvenil 2024, organizado por el Instituto Mexicano de la Juventud (IMJUVE) en colaboraci\u00f3n con diversas instituciones gubernamentales y acad\u00e9micas.<\/p>\n\n\n\n<p>Este programa busca fortalecer y promover la participaci\u00f3n de la juventud mexicana en espacios de relevancia internacional, espec\u00edficamente en el marco del 79.o Periodo de Sesiones de la Asamblea General de las Naciones Unidas (AGONU), que se celebrar\u00e1 del 19 de septiembre al 16 de octubre de 2024 en Nueva York, Estados Unidos.<\/p>\n\n\n\n<p>La convocatoria est\u00e1 dirigida a j\u00f3venes de entre dieciocho y veinticuatro a\u00f1os interesados en contribuir activamente en la agenda multilateral de M\u00e9xico, presentando su postulaci\u00f3n en alguna de las tres categor\u00edas: delegados juveniles, delegados juveniles ind\u00edgenas y afromexicanos o delegados juveniles representantes de la comunidad migrante en Estados Unidos de Am\u00e9rica<\/p>\n\n\n\n<p>El proceso de selecci\u00f3n se llevar\u00e1 a cabo mediante dos etapas, en donde se elegir\u00e1n hasta cuatro personas por categor\u00eda para integrar la delegaci\u00f3n mexicana en la AGONU. La convocatoria est\u00e1 vigente actualmente y hasta el pr\u00f3ximo 10 de julio. Los aspirantes deber\u00e1n registrarse a trav\u00e9s del portal imjuventud.gob.mx.<\/p>\n\n\n\n<p>Para m\u00e1s informaci\u00f3n sobre los requisitos y el proceso de selecci\u00f3n, las personas interesadas pueden consultar el sitio oficial del IMJUVE o contactar a la coordinaci\u00f3n del Programa Delegaci\u00f3n Juvenil.<\/p>\n\n\n\n<p>La UAT destaca la importancia de esta oportunidad para los j\u00f3venes tamaulipecos interesados en temas de agenda multilateral, mediante esta iniciativa que promueve la diversidad y el di\u00e1logo intercultural a la vez que contribuye al desarrollo personal y profesional de sus participant<\/p>\n","protected":false},"excerpt":{"rendered":"<p>La Universidad Aut\u00f3noma de Tamaulipas (UAT) hace extensiva la invitaci\u00f3n a la comunidad estudiantil a participar en la convocatoria del Programa Delegaci\u00f3n Juvenil 2024, organizado por el Instituto Mexicano de la Juventud (IMJUVE) en colaboraci\u00f3n con diversas instituciones gubernamentales y acad\u00e9micas. Este programa busca fortalecer y promover la participaci\u00f3n de la juventud mexicana en espacios [&hellip;]<\/p>\n","protected":false},"author":1,"featured_media":2953,"comment_status":"open","ping_status":"open","sticky":false,"template":"","format":"standard","meta":{"footnotes":""},"categories":[4],"tags":[],"class_list":["post-2952","post","type-post","status-publish","format-standard","has-post-thumbnail","hentry","category-universidades"],"blog_post_layout_featured_media_urls":{"thumbnail":["https:\/\/elregionaldigital.info\/wp-content\/uploads\/2024\/07\/25onu-750x500-1-150x150.jpg",150,150,true],"full":["https:\/\/elregionaldigital.info\/wp-content\/uploads\/2024\/07\/25onu-750x500-1.jpg",750,500,false]},"categories_names":{"4":{"name":"Universidades","link":"https:\/\/elregionaldigital.info\/?cat=4"}},"tags_names":[],"comments_number":"0","wpmagazine_modules_lite_featured_media_urls":{"thumbnail":["https:\/\/elregionaldigital.info\/wp-content\/uploads\/2024\/07\/25onu-750x500-1-150x150.jpg",150,150,true],"cvmm-medium":["https:\/\/elregionaldigital.info\/wp-content\/uploads\/2024\/07\/25onu-750x500-1-300x300.jpg",300,300,true],"cvmm-medium-plus":["https:\/\/elregionaldigital.info\/wp-content\/uploads\/2024\/07\/25onu-750x500-1-305x207.jpg",305,207,true],"cvmm-portrait":["https:\/\/elregionaldigital.info\/wp-content\/uploads\/2024\/07\/25onu-750x500-1-400x500.jpg",400,500,true],"cvmm-medium-square":["https:\/\/elregionaldigital.info\/wp-content\/uploads\/2024\/07\/25onu-750x500-1-600x500.jpg",600,500,true],"cvmm-large":["https:\/\/elregionaldigital.info\/wp-content\/uploads\/2024\/07\/25onu-750x500-1.jpg",750,500,false],"cvmm-small":["https:\/\/elregionaldigital.info\/wp-content\/uploads\/2024\/07\/25onu-750x500-1-130x95.jpg",130,95,true],"full":["https:\/\/elregionaldigital.info\/wp-content\/uploads\/2024\/07\/25onu-750x500-1.jpg",750,500,false]},"_links":{"self":[{"href":"https:\/\/elregionaldigital.info\/index.php?rest_route=\/wp\/v2\/posts\/2952","targetHints":{"allow":["GET"]}}],"collection":[{"href":"https:\/\/elregionaldigital.info\/index.php?rest_route=\/wp\/v2\/posts"}],"about":[{"href":"https:\/\/elregionaldigital.info\/index.php?rest_route=\/wp\/v2\/types\/post"}],"author":[{"embeddable":true,"href":"https:\/\/elregionaldigital.info\/index.php?rest_route=\/wp\/v2\/users\/1"}],"replies":[{"embeddable":true,"href":"https:\/\/elregionaldigital.info\/index.php?rest_route=%2Fwp%2Fv2%2Fcomments&post=2952"}],"version-history":[{"count":1,"href":"https:\/\/elregionaldigital.info\/index.php?rest_route=\/wp\/v2\/posts\/2952\/revisions"}],"predecessor-version":[{"id":2954,"href":"https:\/\/elregionaldigital.info\/index.php?rest_route=\/wp\/v2\/posts\/2952\/revisions\/2954"}],"wp:featuredmedia":[{"embeddable":true,"href":"https:\/\/elregionaldigital.info\/index.php?rest_route=\/wp\/v2\/media\/2953"}],"wp:attachment":[{"href":"https:\/\/elregionaldigital.info\/index.php?rest_route=%2Fwp%2Fv2%2Fmedia&parent=2952"}],"wp:term":[{"taxonomy":"category","embeddable":true,"href":"https:\/\/elregionaldigital.info\/index.php?rest_route=%2Fwp%2Fv2%2Fcategories&post=2952"},{"taxonomy":"post_tag","embeddable":true,"href":"https:\/\/elregionaldigital.info\/index.php?rest_route=%2Fwp%2Fv2%2Ftags&post=2952"}],"curies":[{"name":"wp","href":"https:\/\/api.w.org\/{rel}","templated":true}]}}