{"id":2949,"date":"2024-06-17T00:52:10","date_gmt":"2024-06-17T00:52:10","guid":{"rendered":"http:\/\/elregionaldigital.info\/?p=2949"},"modified":"2024-07-01T00:53:53","modified_gmt":"2024-07-01T00:53:53","slug":"se-adapta-la-uat-a-cambios-en-materia-de-investigacion","status":"publish","type":"post","link":"https:\/\/elregionaldigital.info\/?p=2949","title":{"rendered":"Se adapta la UAT a cambios en materia de investigaci\u00f3n"},"content":{"rendered":"\n<p>Tampico, Tamaulipas (17 de junio de 2024).- Con la llegada de Claudia Sheinbaum Pardo a la presidencia de la Rep\u00fablica habr\u00e1 algunos cambios en materia de investigaci\u00f3n, por lo que la Universidad Aut\u00f3noma de Tamaulipas estar\u00e1 atenta para incorporar y trabajar esas nuevas propuestas, afirm\u00f3 el rector D\u00e1maso Anaya Alvarado.<\/p>\n\n\n\n<p>\u201cVienen unos cambios de investigaci\u00f3n, es lo que estamos esperando como universidad, como universitarios, o a nivel Anuies nacional, para ver las tem\u00e1ticas de investigaci\u00f3n que se van a estar proponiendo\u201d, revel\u00f3.<\/p>\n\n\n\n<p>Entrevistado este lunes, Anaya Alvarado se refiri\u00f3 a la participaci\u00f3n de la Universidad Aut\u00f3noma de Tamaulipas en la LXIV Sesi\u00f3n Ordinaria de la Asamblea General de la Asociaci\u00f3n Nacional de Universidades e Instituciones de Educaci\u00f3n Superior (Anuies) que tuvo como sede la Universidad Veracruzana en Xalapa, Veracruz.<\/p>\n\n\n\n<p>\u201cEs la primera vez que participamos nosotros ah\u00ed, son 216 universidades e institutos a nivel nacional\u201d, mencion\u00f3.<\/p>\n\n\n\n<p>\u201cEl planteamiento que ellos est\u00e1n haciendo es b\u00e1sicamente por el presupuesto, sabemos que viene un cambio de Gobierno federal el pr\u00f3ximo primero de octubre, es el planteamiento que estamos haciendo\u201d, a\u00f1adi\u00f3.<\/p>\n\n\n\n<p>En ese sentido, Anaya Alvarado adelant\u00f3 que la pr\u00f3xima semana habr\u00e1 otra reuni\u00f3n de la Anuies.<\/p>\n\n\n\n<p>\u201cEs lo que hacemos como universidades, juntarnos y tener la misma idea de hacia d\u00f3nde avanza el pa\u00eds \u201c, puntualiz\u00f3.<\/p>\n\n\n\n<p>En ese sentido, se\u00f1al\u00f3 que habr\u00eda que esperar los nuevos lineamientos que tiene la hoy presidenta electa Claudia Sheinbaum.<\/p>\n\n\n\n<p>\u201cPero vamos muy de la mano\u201d, destac\u00f3 el Rector de la UAT.<\/p>\n\n\n\n<p>En el rubro presupuestal, adelant\u00f3 que se habr\u00e1 de trabajar de manera conjunta con los legisladores tamaulipecos para conseguir buenos resultados para la UAT.<\/p>\n\n\n\n<p>\u201cTodo lo vamos a hacer en una sola l\u00ednea, tenemos diputados locales, diputados federales, senadores, nos vamos a ir para tener m\u00e1s o mejores recursos para Tamaulipas\u201d.<\/p>\n\n\n\n<p>Sin embargo , mencion\u00f3; \u201cno es que pidamos un aumento, yo creo que es en base a las condiciones del pa\u00eds, no podemos salirnos nosotros de los esquemas que hay, yo creo que es suficiente para el plan de obra que traemos actualmente, nos apoya tambi\u00e9n el Gobernador, yo creo que es suficiente para iniciar las construcciones\u201d.<\/p>\n\n\n\n<p>Por \u00faltimo, mencion\u00f3 que pr\u00e1cticamente en todas las instituciones de educaci\u00f3n de la universidad, las 26 facultades y escuelas, \u201ctienen obra en construcci\u00f3n actualmente\u201d.<\/p>\n","protected":false},"excerpt":{"rendered":"<p>Tampico, Tamaulipas (17 de junio de 2024).- Con la llegada de Claudia Sheinbaum Pardo a la presidencia de la Rep\u00fablica habr\u00e1 algunos cambios en materia de investigaci\u00f3n, por lo que la Universidad Aut\u00f3noma de Tamaulipas estar\u00e1 atenta para incorporar y trabajar esas nuevas propuestas, afirm\u00f3 el rector D\u00e1maso Anaya Alvarado. \u201cVienen unos cambios de investigaci\u00f3n, [&hellip;]<\/p>\n","protected":false},"author":1,"featured_media":2950,"comment_status":"open","ping_status":"open","sticky":false,"template":"","format":"standard","meta":{"footnotes":""},"categories":[4],"tags":[],"class_list":["post-2949","post","type-post","status-publish","format-standard","has-post-thumbnail","hentry","category-universidades"],"blog_post_layout_featured_media_urls":{"thumbnail":["https:\/\/elregionaldigital.info\/wp-content\/uploads\/2024\/07\/UAT-1-150x150.jpeg",150,150,true],"full":["https:\/\/elregionaldigital.info\/wp-content\/uploads\/2024\/07\/UAT-1.jpeg",594,351,false]},"categories_names":{"4":{"name":"Universidades","link":"https:\/\/elregionaldigital.info\/?cat=4"}},"tags_names":[],"comments_number":"0","wpmagazine_modules_lite_featured_media_urls":{"thumbnail":["https:\/\/elregionaldigital.info\/wp-content\/uploads\/2024\/07\/UAT-1-150x150.jpeg",150,150,true],"cvmm-medium":["https:\/\/elregionaldigital.info\/wp-content\/uploads\/2024\/07\/UAT-1-300x300.jpeg",300,300,true],"cvmm-medium-plus":["https:\/\/elregionaldigital.info\/wp-content\/uploads\/2024\/07\/UAT-1-305x207.jpeg",305,207,true],"cvmm-portrait":["https:\/\/elregionaldigital.info\/wp-content\/uploads\/2024\/07\/UAT-1-400x351.jpeg",400,351,true],"cvmm-medium-square":["https:\/\/elregionaldigital.info\/wp-content\/uploads\/2024\/07\/UAT-1.jpeg",594,351,false],"cvmm-large":["https:\/\/elregionaldigital.info\/wp-content\/uploads\/2024\/07\/UAT-1.jpeg",594,351,false],"cvmm-small":["https:\/\/elregionaldigital.info\/wp-content\/uploads\/2024\/07\/UAT-1-130x95.jpeg",130,95,true],"full":["https:\/\/elregionaldigital.info\/wp-content\/uploads\/2024\/07\/UAT-1.jpeg",594,351,false]},"_links":{"self":[{"href":"https:\/\/elregionaldigital.info\/index.php?rest_route=\/wp\/v2\/posts\/2949","targetHints":{"allow":["GET"]}}],"collection":[{"href":"https:\/\/elregionaldigital.info\/index.php?rest_route=\/wp\/v2\/posts"}],"about":[{"href":"https:\/\/elregionaldigital.info\/index.php?rest_route=\/wp\/v2\/types\/post"}],"author":[{"embeddable":true,"href":"https:\/\/elregionaldigital.info\/index.php?rest_route=\/wp\/v2\/users\/1"}],"replies":[{"embeddable":true,"href":"https:\/\/elregionaldigital.info\/index.php?rest_route=%2Fwp%2Fv2%2Fcomments&post=2949"}],"version-history":[{"count":1,"href":"https:\/\/elregionaldigital.info\/index.php?rest_route=\/wp\/v2\/posts\/2949\/revisions"}],"predecessor-version":[{"id":2951,"href":"https:\/\/elregionaldigital.info\/index.php?rest_route=\/wp\/v2\/posts\/2949\/revisions\/2951"}],"wp:featuredmedia":[{"embeddable":true,"href":"https:\/\/elregionaldigital.info\/index.php?rest_route=\/wp\/v2\/media\/2950"}],"wp:attachment":[{"href":"https:\/\/elregionaldigital.info\/index.php?rest_route=%2Fwp%2Fv2%2Fmedia&parent=2949"}],"wp:term":[{"taxonomy":"category","embeddable":true,"href":"https:\/\/elregionaldigital.info\/index.php?rest_route=%2Fwp%2Fv2%2Fcategories&post=2949"},{"taxonomy":"post_tag","embeddable":true,"href":"https:\/\/elregionaldigital.info\/index.php?rest_route=%2Fwp%2Fv2%2Ftags&post=2949"}],"curies":[{"name":"wp","href":"https:\/\/api.w.org\/{rel}","templated":true}]}}