{"id":2945,"date":"2024-06-26T00:48:05","date_gmt":"2024-06-26T00:48:05","guid":{"rendered":"http:\/\/elregionaldigital.info\/?p=2945"},"modified":"2024-07-01T00:50:05","modified_gmt":"2024-07-01T00:50:05","slug":"cinco-anos-de-amaury-vergara-como-propietario-de-chivas-logros-y-desafios","status":"publish","type":"post","link":"https:\/\/elregionaldigital.info\/?p=2945","title":{"rendered":"Cinco a\u00f1os de Amaury Vergara como propietario de Chivas: logros y desaf\u00edos"},"content":{"rendered":"\n<p>Amaury Vergara asumi\u00f3 la propiedad del Club Guadalajara en 2019, y su gesti\u00f3n al frente del equipo ha tenido altibajos. A continuaci\u00f3n, se presenta un balance de su administraci\u00f3n en estos cinco a\u00f1os.<\/p>\n\n\n\n<p><strong>Clasificaciones a fase final<\/strong><\/p>\n\n\n\n<p>Desde que Amaury Vergara tom\u00f3 las riendas del equipo, Chivas ha participado en cinco temporadas. El regreso del equipo a la Liguilla en 2020, despu\u00e9s de tres a\u00f1os y medio de ausencia, fue un logro notable. Sin embargo, Chivas se ha perdido la fase final en tres ocasiones. En las temporadas que han alcanzado la Liguilla, han registrado una final, dos semifinales, unos cuartos de final y tres eliminaciones en repechaje.<\/p>\n\n\n\n<p><strong>Logros<\/strong><\/p>\n\n\n\n<p>Bajo la gesti\u00f3n de Amaury Vergara, el primer equipo no ha conseguido un t\u00edtulo. Sin embargo, el equipo Tapat\u00edo logr\u00f3 el t\u00edtulo de la Liga de Expansi\u00f3n y el Campe\u00f3n de Campeones. Adem\u00e1s, el equipo femenil gan\u00f3 el campeonato de la temporada 2021-22 y tambi\u00e9n obtuvo el t\u00edtulo de Campe\u00f3n de Campeonas.<\/p>\n\n\n\n<p><strong>Entrenadores<\/strong><\/p>\n\n\n\n<p>Durante estos cinco a\u00f1os, Chivas ha tenido seis entrenadores: Luis Fernando Tena, V\u00edctor Manuel Vucetich, Marcelo Michel Lea\u00f1o, Ricardo Cadena, Fernando Gago y Veljko Paunovi\u0107. De estos, Paunovi\u0107 ha sido el m\u00e1s destacado, llevando al equipo a la final de la Liga MX en el Torneo Clausura 2023.<\/p>\n\n\n\n<p><strong>Refuerzos<\/strong><\/p>\n\n\n\n<p>En cuanto a refuerzos, ha habido varios nombres importantes, aunque no todos han tenido \u00e9xito. Entre los fichajes menos efectivos est\u00e1n Oribe Peralta, Uriel Antuna y Cristian Calder\u00f3n, quienes no lograron cumplir con las expectativas. Por otro lado, jugadores como V\u00edctor \u201cPocho\u201d Guzm\u00e1n, Roberto \u201cPiojo\u201d Alvarado y Alan Mozo han ganado el respeto y cari\u00f1o de la afici\u00f3n. Adem\u00e1s, el regreso de Javier \u201cChicharito\u201d Hern\u00e1ndez fue un fichaje hist\u00f3rico por su impacto medi\u00e1tico para Chivas y la Liga MX.<\/p>\n\n\n\n<p>A lo largo de estos cinco a\u00f1os, Amaury Vergara ha enfrentado desaf\u00edos significativos y ha&nbsp;<\/p>\n","protected":false},"excerpt":{"rendered":"<p>Amaury Vergara asumi\u00f3 la propiedad del Club Guadalajara en 2019, y su gesti\u00f3n al frente del equipo ha tenido altibajos. A continuaci\u00f3n, se presenta un balance de su administraci\u00f3n en estos cinco a\u00f1os. Clasificaciones a fase final Desde que Amaury Vergara tom\u00f3 las riendas del equipo, Chivas ha participado en cinco temporadas. El regreso del [&hellip;]<\/p>\n","protected":false},"author":1,"featured_media":2946,"comment_status":"open","ping_status":"open","sticky":false,"template":"","format":"standard","meta":{"footnotes":""},"categories":[6],"tags":[],"class_list":["post-2945","post","type-post","status-publish","format-standard","has-post-thumbnail","hentry","category-deportes"],"blog_post_layout_featured_media_urls":{"thumbnail":["https:\/\/elregionaldigital.info\/wp-content\/uploads\/2024\/07\/4638712-150x150.jpg",150,150,true],"full":["https:\/\/elregionaldigital.info\/wp-content\/uploads\/2024\/07\/4638712.jpg",960,640,false]},"categories_names":{"6":{"name":"Deportes","link":"https:\/\/elregionaldigital.info\/?cat=6"}},"tags_names":[],"comments_number":"0","wpmagazine_modules_lite_featured_media_urls":{"thumbnail":["https:\/\/elregionaldigital.info\/wp-content\/uploads\/2024\/07\/4638712-150x150.jpg",150,150,true],"cvmm-medium":["https:\/\/elregionaldigital.info\/wp-content\/uploads\/2024\/07\/4638712-300x300.jpg",300,300,true],"cvmm-medium-plus":["https:\/\/elregionaldigital.info\/wp-content\/uploads\/2024\/07\/4638712-305x207.jpg",305,207,true],"cvmm-portrait":["https:\/\/elregionaldigital.info\/wp-content\/uploads\/2024\/07\/4638712-400x600.jpg",400,600,true],"cvmm-medium-square":["https:\/\/elregionaldigital.info\/wp-content\/uploads\/2024\/07\/4638712-600x600.jpg",600,600,true],"cvmm-large":["https:\/\/elregionaldigital.info\/wp-content\/uploads\/2024\/07\/4638712.jpg",960,640,false],"cvmm-small":["https:\/\/elregionaldigital.info\/wp-content\/uploads\/2024\/07\/4638712-130x95.jpg",130,95,true],"full":["https:\/\/elregionaldigital.info\/wp-content\/uploads\/2024\/07\/4638712.jpg",960,640,false]},"_links":{"self":[{"href":"https:\/\/elregionaldigital.info\/index.php?rest_route=\/wp\/v2\/posts\/2945","targetHints":{"allow":["GET"]}}],"collection":[{"href":"https:\/\/elregionaldigital.info\/index.php?rest_route=\/wp\/v2\/posts"}],"about":[{"href":"https:\/\/elregionaldigital.info\/index.php?rest_route=\/wp\/v2\/types\/post"}],"author":[{"embeddable":true,"href":"https:\/\/elregionaldigital.info\/index.php?rest_route=\/wp\/v2\/users\/1"}],"replies":[{"embeddable":true,"href":"https:\/\/elregionaldigital.info\/index.php?rest_route=%2Fwp%2Fv2%2Fcomments&post=2945"}],"version-history":[{"count":1,"href":"https:\/\/elregionaldigital.info\/index.php?rest_route=\/wp\/v2\/posts\/2945\/revisions"}],"predecessor-version":[{"id":2947,"href":"https:\/\/elregionaldigital.info\/index.php?rest_route=\/wp\/v2\/posts\/2945\/revisions\/2947"}],"wp:featuredmedia":[{"embeddable":true,"href":"https:\/\/elregionaldigital.info\/index.php?rest_route=\/wp\/v2\/media\/2946"}],"wp:attachment":[{"href":"https:\/\/elregionaldigital.info\/index.php?rest_route=%2Fwp%2Fv2%2Fmedia&parent=2945"}],"wp:term":[{"taxonomy":"category","embeddable":true,"href":"https:\/\/elregionaldigital.info\/index.php?rest_route=%2Fwp%2Fv2%2Fcategories&post=2945"},{"taxonomy":"post_tag","embeddable":true,"href":"https:\/\/elregionaldigital.info\/index.php?rest_route=%2Fwp%2Fv2%2Ftags&post=2945"}],"curies":[{"name":"wp","href":"https:\/\/api.w.org\/{rel}","templated":true}]}}