{"id":2939,"date":"2024-06-28T00:43:54","date_gmt":"2024-06-28T00:43:54","guid":{"rendered":"http:\/\/elregionaldigital.info\/?p=2939"},"modified":"2024-07-01T00:45:06","modified_gmt":"2024-07-01T00:45:06","slug":"cautiva-a-monterrey-lucero-mijares","status":"publish","type":"post","link":"https:\/\/elregionaldigital.info\/?p=2939","title":{"rendered":"Cautiva a Monterrey Lucero Mijares"},"content":{"rendered":"\n<p><a href=\"https:\/\/laverdad.com.mx\/wp-content\/uploads\/2024\/06\/COEDIO.jpg\"><\/a><\/p>\n\n\n\n<p>El musical \u201cEl Mago\u201d (The Wiz), con Lucero Mijares en el papel de la dulce Dorothy, ha tra\u00eddo un tornado de emociones a Monterrey, emocionando a la audiencia con una mezcla vibrante de m\u00fasica, canto y baile. La noche pasada, el Showcenter Complex se transform\u00f3 en la m\u00edstica Ciudad Esmeralda, donde Mijares y el elenco ofrecieron dos funciones memorables a las 18:00 y 21:00 horas.<\/p>\n\n\n\n<p>La joven actriz, en su gran debut art\u00edstico, interpret\u00f3 a la ic\u00f3nica Dorothy, una chica de Kansas arrastrada a la tierra de Oz por un tornado, un papel que anteriormente catapult\u00f3 a Judy Garland a la fama en 1939 y que sigue siendo un favorito en Broadway desde 1974. Con su talento vocal y simpat\u00eda, Lucero, de 19 a\u00f1os, logr\u00f3 capturar la esencia de Dorothy, gan\u00e1ndose una ovaci\u00f3n de pie al final de la presentaci\u00f3n.<\/p>\n\n\n\n<p>Mar\u00eda del Sol, quien interpret\u00f3 a la t\u00eda Emma y Glinda, la Bruja Buena, tambi\u00e9n recibi\u00f3 un c\u00e1lido reconocimiento del p\u00fablico. Su regreso al teatro musical fue celebrado con aplausos cada vez que aparec\u00eda en escena, demostrando su habilidad vocal y su conexi\u00f3n emocional con la audiencia.<\/p>\n\n\n\n<p>El elenco lo completan Juan Fonsalido como el Espantap\u00e1jaros, \u00d3scar Acosta como el Hombre de Hojalata y Felipe \u00c1lvarez como el Le\u00f3n, quienes junto a Mijares, formaron un equipo encantador que gui\u00f3 al p\u00fablico a trav\u00e9s de las aventuras en Oz.<\/p>\n\n\n\n<p>Con m\u00e1s de 100 cambios de vestuario y una banda en vivo, el espect\u00e1culo no solo fue un deleite visual y auditivo, sino que tambi\u00e9n reson\u00f3 por sus mensajes de unidad, amistad y la importancia del hogar. Apto para todas las edades, \u201cEl Mago\u201d en Monterrey ha demostrado ser una experiencia entra\u00f1able para todo el p\u00fablico familiar.<\/p>\n","protected":false},"excerpt":{"rendered":"<p>El musical \u201cEl Mago\u201d (The Wiz), con Lucero Mijares en el papel de la dulce Dorothy, ha tra\u00eddo un tornado de emociones a Monterrey, emocionando a la audiencia con una mezcla vibrante de m\u00fasica, canto y baile. La noche pasada, el Showcenter Complex se transform\u00f3 en la m\u00edstica Ciudad Esmeralda, donde Mijares y el elenco [&hellip;]<\/p>\n","protected":false},"author":1,"featured_media":2940,"comment_status":"open","ping_status":"open","sticky":false,"template":"","format":"standard","meta":{"footnotes":""},"categories":[3],"tags":[],"class_list":["post-2939","post","type-post","status-publish","format-standard","has-post-thumbnail","hentry","category-entretenimiento"],"blog_post_layout_featured_media_urls":{"thumbnail":["https:\/\/elregionaldigital.info\/wp-content\/uploads\/2024\/07\/descarga-150x150.webp",150,150,true],"full":["https:\/\/elregionaldigital.info\/wp-content\/uploads\/2024\/07\/descarga.webp",1200,800,false]},"categories_names":{"3":{"name":"Entretenimiento","link":"https:\/\/elregionaldigital.info\/?cat=3"}},"tags_names":[],"comments_number":"0","wpmagazine_modules_lite_featured_media_urls":{"thumbnail":["https:\/\/elregionaldigital.info\/wp-content\/uploads\/2024\/07\/descarga-150x150.webp",150,150,true],"cvmm-medium":["https:\/\/elregionaldigital.info\/wp-content\/uploads\/2024\/07\/descarga-300x300.webp",300,300,true],"cvmm-medium-plus":["https:\/\/elregionaldigital.info\/wp-content\/uploads\/2024\/07\/descarga-305x207.webp",305,207,true],"cvmm-portrait":["https:\/\/elregionaldigital.info\/wp-content\/uploads\/2024\/07\/descarga-400x600.webp",400,600,true],"cvmm-medium-square":["https:\/\/elregionaldigital.info\/wp-content\/uploads\/2024\/07\/descarga-600x600.webp",600,600,true],"cvmm-large":["https:\/\/elregionaldigital.info\/wp-content\/uploads\/2024\/07\/descarga-1024x800.webp",1024,800,true],"cvmm-small":["https:\/\/elregionaldigital.info\/wp-content\/uploads\/2024\/07\/descarga-130x95.webp",130,95,true],"full":["https:\/\/elregionaldigital.info\/wp-content\/uploads\/2024\/07\/descarga.webp",1200,800,false]},"_links":{"self":[{"href":"https:\/\/elregionaldigital.info\/index.php?rest_route=\/wp\/v2\/posts\/2939","targetHints":{"allow":["GET"]}}],"collection":[{"href":"https:\/\/elregionaldigital.info\/index.php?rest_route=\/wp\/v2\/posts"}],"about":[{"href":"https:\/\/elregionaldigital.info\/index.php?rest_route=\/wp\/v2\/types\/post"}],"author":[{"embeddable":true,"href":"https:\/\/elregionaldigital.info\/index.php?rest_route=\/wp\/v2\/users\/1"}],"replies":[{"embeddable":true,"href":"https:\/\/elregionaldigital.info\/index.php?rest_route=%2Fwp%2Fv2%2Fcomments&post=2939"}],"version-history":[{"count":1,"href":"https:\/\/elregionaldigital.info\/index.php?rest_route=\/wp\/v2\/posts\/2939\/revisions"}],"predecessor-version":[{"id":2941,"href":"https:\/\/elregionaldigital.info\/index.php?rest_route=\/wp\/v2\/posts\/2939\/revisions\/2941"}],"wp:featuredmedia":[{"embeddable":true,"href":"https:\/\/elregionaldigital.info\/index.php?rest_route=\/wp\/v2\/media\/2940"}],"wp:attachment":[{"href":"https:\/\/elregionaldigital.info\/index.php?rest_route=%2Fwp%2Fv2%2Fmedia&parent=2939"}],"wp:term":[{"taxonomy":"category","embeddable":true,"href":"https:\/\/elregionaldigital.info\/index.php?rest_route=%2Fwp%2Fv2%2Fcategories&post=2939"},{"taxonomy":"post_tag","embeddable":true,"href":"https:\/\/elregionaldigital.info\/index.php?rest_route=%2Fwp%2Fv2%2Ftags&post=2939"}],"curies":[{"name":"wp","href":"https:\/\/api.w.org\/{rel}","templated":true}]}}