{"id":2933,"date":"2024-06-30T00:38:00","date_gmt":"2024-06-30T00:38:00","guid":{"rendered":"http:\/\/elregionaldigital.info\/?p=2933"},"modified":"2024-07-01T00:40:36","modified_gmt":"2024-07-01T00:40:36","slug":"detienen-a-gabriel-g-ex-alcalde-de-tizayuca","status":"publish","type":"post","link":"https:\/\/elregionaldigital.info\/?p=2933","title":{"rendered":"Detienen a Gabriel G. ex alcalde de Tizayuca"},"content":{"rendered":"\n<p><a href=\"https:\/\/laverdad.com.mx\/wp-content\/uploads\/2024\/06\/30tizo.webp\"><\/a><\/p>\n\n\n\n<p>Fue detenido en Hidalgo el expresidente municipal de Tizayuca, Gabriel G.R, informaron fuentes judiciales de esta entidad.<\/p>\n\n\n\n<p>El exalcalde fue detenido en la calle Aldama de la colonia El Pedregal, alrededor de las 12:50 horas, de acuerdo con el Registro Nacional de Detenciones.<\/p>\n\n\n\n<p>Fueron elementos de la polic\u00eda ministerial quienes dieron cumplimiento a la orden de aprehensi\u00f3n.<\/p>\n\n\n\n<p>Tras su aprehensi\u00f3n, fue trasladado al Centro de Reinserci\u00f3n Social (CERESO) de Pachuca, donde en las pr\u00f3ximas horas se llevar\u00e1 a cabo la audiencia de imputaci\u00f3n, en la que se espera se defina su situaci\u00f3n legal.<\/p>\n\n\n\n<p>Cabe se\u00f1alar que Gabriel G.R. gobern\u00f3 el municipio de Tizayuca durante dos periodos, primero en 2006-2009 y posteriormente en el periodo 2016-2020, ambos arropado por el Partido Revolucionario Institucional (PRI).<\/p>\n\n\n\n<p>En los comicios del pasado 2 de junio contendi\u00f3 como candidato en intenci\u00f3n de gobernar por tercer periodo a este municipio, ahora por la coalici\u00f3n Fuerza y Coraz\u00f3n por Hidalgo que abanderaron PRI, PAN y PRD.<\/p>\n\n\n\n<p>En mayo pasado la Auditoria Superior del Estado de Hidalgo (ASEH) inform\u00f3 que present\u00f3 una denuncia contra el exedil por responsabilidades penales y administrativas por presuntos desv\u00edos de recursos p\u00fablicos, estimados en m\u00e1s de 82 millones de pesos durante su \u00faltimo periodo de gobierno.<\/p>\n","protected":false},"excerpt":{"rendered":"<p>Fue detenido en Hidalgo el expresidente municipal de Tizayuca, Gabriel G.R, informaron fuentes judiciales de esta entidad. El exalcalde fue detenido en la calle Aldama de la colonia El Pedregal, alrededor de las 12:50 horas, de acuerdo con el Registro Nacional de Detenciones. Fueron elementos de la polic\u00eda ministerial quienes dieron cumplimiento a la orden [&hellip;]<\/p>\n","protected":false},"author":1,"featured_media":2934,"comment_status":"open","ping_status":"open","sticky":false,"template":"","format":"standard","meta":{"footnotes":""},"categories":[5],"tags":[],"class_list":["post-2933","post","type-post","status-publish","format-standard","has-post-thumbnail","hentry","category-nacional"],"blog_post_layout_featured_media_urls":{"thumbnail":["https:\/\/elregionaldigital.info\/wp-content\/uploads\/2024\/07\/MG_2025-150x150.jpg",150,150,true],"full":["https:\/\/elregionaldigital.info\/wp-content\/uploads\/2024\/07\/MG_2025.jpg",800,533,false]},"categories_names":{"5":{"name":"Nacional","link":"https:\/\/elregionaldigital.info\/?cat=5"}},"tags_names":[],"comments_number":"0","wpmagazine_modules_lite_featured_media_urls":{"thumbnail":["https:\/\/elregionaldigital.info\/wp-content\/uploads\/2024\/07\/MG_2025-150x150.jpg",150,150,true],"cvmm-medium":["https:\/\/elregionaldigital.info\/wp-content\/uploads\/2024\/07\/MG_2025-300x300.jpg",300,300,true],"cvmm-medium-plus":["https:\/\/elregionaldigital.info\/wp-content\/uploads\/2024\/07\/MG_2025-305x207.jpg",305,207,true],"cvmm-portrait":["https:\/\/elregionaldigital.info\/wp-content\/uploads\/2024\/07\/MG_2025-400x533.jpg",400,533,true],"cvmm-medium-square":["https:\/\/elregionaldigital.info\/wp-content\/uploads\/2024\/07\/MG_2025-600x533.jpg",600,533,true],"cvmm-large":["https:\/\/elregionaldigital.info\/wp-content\/uploads\/2024\/07\/MG_2025.jpg",800,533,false],"cvmm-small":["https:\/\/elregionaldigital.info\/wp-content\/uploads\/2024\/07\/MG_2025-130x95.jpg",130,95,true],"full":["https:\/\/elregionaldigital.info\/wp-content\/uploads\/2024\/07\/MG_2025.jpg",800,533,false]},"_links":{"self":[{"href":"https:\/\/elregionaldigital.info\/index.php?rest_route=\/wp\/v2\/posts\/2933","targetHints":{"allow":["GET"]}}],"collection":[{"href":"https:\/\/elregionaldigital.info\/index.php?rest_route=\/wp\/v2\/posts"}],"about":[{"href":"https:\/\/elregionaldigital.info\/index.php?rest_route=\/wp\/v2\/types\/post"}],"author":[{"embeddable":true,"href":"https:\/\/elregionaldigital.info\/index.php?rest_route=\/wp\/v2\/users\/1"}],"replies":[{"embeddable":true,"href":"https:\/\/elregionaldigital.info\/index.php?rest_route=%2Fwp%2Fv2%2Fcomments&post=2933"}],"version-history":[{"count":1,"href":"https:\/\/elregionaldigital.info\/index.php?rest_route=\/wp\/v2\/posts\/2933\/revisions"}],"predecessor-version":[{"id":2935,"href":"https:\/\/elregionaldigital.info\/index.php?rest_route=\/wp\/v2\/posts\/2933\/revisions\/2935"}],"wp:featuredmedia":[{"embeddable":true,"href":"https:\/\/elregionaldigital.info\/index.php?rest_route=\/wp\/v2\/media\/2934"}],"wp:attachment":[{"href":"https:\/\/elregionaldigital.info\/index.php?rest_route=%2Fwp%2Fv2%2Fmedia&parent=2933"}],"wp:term":[{"taxonomy":"category","embeddable":true,"href":"https:\/\/elregionaldigital.info\/index.php?rest_route=%2Fwp%2Fv2%2Fcategories&post=2933"},{"taxonomy":"post_tag","embeddable":true,"href":"https:\/\/elregionaldigital.info\/index.php?rest_route=%2Fwp%2Fv2%2Ftags&post=2933"}],"curies":[{"name":"wp","href":"https:\/\/api.w.org\/{rel}","templated":true}]}}