{"id":2929,"date":"2024-06-30T21:59:21","date_gmt":"2024-06-30T21:59:21","guid":{"rendered":"http:\/\/elregionaldigital.info\/?p=2929"},"modified":"2024-06-30T22:08:33","modified_gmt":"2024-06-30T22:08:33","slug":"mpulsa-damaso-anaya-infraestructura-y-equipamiento-de-la-uat","status":"publish","type":"post","link":"https:\/\/elregionaldigital.info\/?p=2929","title":{"rendered":"Impulsa D\u00e1maso Anaya infraestructura y equipamiento de la UAT"},"content":{"rendered":"\n<p>Ciudad Victoria, Tam.; 30 de junio de 2024.<br><br>El rector de la Universidad Aut\u00f3noma de Tamaulipas (UAT), MVZ D\u00e1maso<br>Leonardo Anaya Alvarado, impulsa un importante programa de infraestructura<br>educativa que responde a las necesidades de la comunidad acad\u00e9mica y<br>estudiantil, cuyas propuestas han sido establecidas en el Plan de Desarrollo<br>Institucional 2024-2028 de esta casa de estudios.<br>Atendiendo las principales demandas y necesidades de la comunidad<br>universitaria, el rector anunci\u00f3 que se iniciaron una serie de obras en las diferentes<br>dependencias acad\u00e9micas de la UAT distribuidas en las zonas norte, centro y sur<br>del estado, para mejorar sus espacios educativos.<br>Como as\u00ed lo define el rector D\u00e1maso Anaya, la formulaci\u00f3n del Plan de<br>Desarrollo de la UAT se hizo con participaci\u00f3n de la comunidad universitaria a<br>trav\u00e9s de giras de diagn\u00f3stico realizadas en los primeros tres meses de este a\u00f1o,<br>mediante espacios de di\u00e1logo en los que se analizaron las fortalezas y \u00e1reas de<br>oportunidad de las dependencias acad\u00e9micas.<br>Derivado de ese diagn\u00f3stico, se ubic\u00f3 el tema de la infraestructura<br>educativa y tecnol\u00f3gica entre las principales demandas de la comunidad<br>estudiantil, que propuso, en un sentir generalizado, la necesidad de poseer un<br>mayor n\u00famero de espacios de descanso, recreaci\u00f3n y \u00e1reas de estudio, as\u00ed como<br>la modernizaci\u00f3n de aulas y laboratorios, adem\u00e1s de considerar la importancia de<br>adaptar espacios para personas con discapacidad.<br>Tambi\u00e9n se destacan las propuestas respecto al uso de tecnolog\u00edas de la<br>informaci\u00f3n para mejorar procesos administrativos, adem\u00e1s del mejoramiento de<br>tecnolog\u00eda en redes y conexiones.<br>El rector D\u00e1maso Anaya reafirm\u00f3 que las instalaciones acad\u00e9micas son una<br>prioridad en su administraci\u00f3n, y sostuvo que el plan de infraestructura educativa y<br>tecnol\u00f3gica que se ha puesto en marcha retoma tambi\u00e9n la construcci\u00f3n de obras<br>y edificaciones que hab\u00edan sido detenidas en anteriores administraciones, al igual<\/p>\n\n\n\n<p>que el suministro de equipamiento y software en aulas y laboratorios que eran<br>necesarios desde hace tiempo.<br>Puntualiz\u00f3 que, en ese sentido, se est\u00e1 trabajando en la construcci\u00f3n de<br>nuevas obras y equipamientos que se pueden observar en los campus de<br>Tampico, Victoria y Mante, as\u00ed como en las facultades de la zona norte.<\/p>\n","protected":false},"excerpt":{"rendered":"<p>Ciudad Victoria, Tam.; 30 de junio de 2024. El rector de la Universidad Aut\u00f3noma de Tamaulipas (UAT), MVZ D\u00e1masoLeonardo Anaya Alvarado, impulsa un importante programa de infraestructuraeducativa que responde a las necesidades de la comunidad acad\u00e9mica yestudiantil, cuyas propuestas han sido establecidas en el Plan de DesarrolloInstitucional 2024-2028 de esta casa de estudios.Atendiendo las principales [&hellip;]<\/p>\n","protected":false},"author":1,"featured_media":2930,"comment_status":"open","ping_status":"open","sticky":false,"template":"","format":"standard","meta":{"footnotes":""},"categories":[4],"tags":[],"class_list":["post-2929","post","type-post","status-publish","format-standard","has-post-thumbnail","hentry","category-universidades"],"blog_post_layout_featured_media_urls":{"thumbnail":["https:\/\/elregionaldigital.info\/wp-content\/uploads\/2024\/06\/3-1-1-150x150.jpg",150,150,true],"full":["https:\/\/elregionaldigital.info\/wp-content\/uploads\/2024\/06\/3-1-1.jpg",1280,654,false]},"categories_names":{"4":{"name":"Universidades","link":"https:\/\/elregionaldigital.info\/?cat=4"}},"tags_names":[],"comments_number":"0","wpmagazine_modules_lite_featured_media_urls":{"thumbnail":["https:\/\/elregionaldigital.info\/wp-content\/uploads\/2024\/06\/3-1-1-150x150.jpg",150,150,true],"cvmm-medium":["https:\/\/elregionaldigital.info\/wp-content\/uploads\/2024\/06\/3-1-1-300x300.jpg",300,300,true],"cvmm-medium-plus":["https:\/\/elregionaldigital.info\/wp-content\/uploads\/2024\/06\/3-1-1-305x207.jpg",305,207,true],"cvmm-portrait":["https:\/\/elregionaldigital.info\/wp-content\/uploads\/2024\/06\/3-1-1-400x600.jpg",400,600,true],"cvmm-medium-square":["https:\/\/elregionaldigital.info\/wp-content\/uploads\/2024\/06\/3-1-1-600x600.jpg",600,600,true],"cvmm-large":["https:\/\/elregionaldigital.info\/wp-content\/uploads\/2024\/06\/3-1-1-1024x654.jpg",1024,654,true],"cvmm-small":["https:\/\/elregionaldigital.info\/wp-content\/uploads\/2024\/06\/3-1-1-130x95.jpg",130,95,true],"full":["https:\/\/elregionaldigital.info\/wp-content\/uploads\/2024\/06\/3-1-1.jpg",1280,654,false]},"_links":{"self":[{"href":"https:\/\/elregionaldigital.info\/index.php?rest_route=\/wp\/v2\/posts\/2929","targetHints":{"allow":["GET"]}}],"collection":[{"href":"https:\/\/elregionaldigital.info\/index.php?rest_route=\/wp\/v2\/posts"}],"about":[{"href":"https:\/\/elregionaldigital.info\/index.php?rest_route=\/wp\/v2\/types\/post"}],"author":[{"embeddable":true,"href":"https:\/\/elregionaldigital.info\/index.php?rest_route=\/wp\/v2\/users\/1"}],"replies":[{"embeddable":true,"href":"https:\/\/elregionaldigital.info\/index.php?rest_route=%2Fwp%2Fv2%2Fcomments&post=2929"}],"version-history":[{"count":2,"href":"https:\/\/elregionaldigital.info\/index.php?rest_route=\/wp\/v2\/posts\/2929\/revisions"}],"predecessor-version":[{"id":2932,"href":"https:\/\/elregionaldigital.info\/index.php?rest_route=\/wp\/v2\/posts\/2929\/revisions\/2932"}],"wp:featuredmedia":[{"embeddable":true,"href":"https:\/\/elregionaldigital.info\/index.php?rest_route=\/wp\/v2\/media\/2930"}],"wp:attachment":[{"href":"https:\/\/elregionaldigital.info\/index.php?rest_route=%2Fwp%2Fv2%2Fmedia&parent=2929"}],"wp:term":[{"taxonomy":"category","embeddable":true,"href":"https:\/\/elregionaldigital.info\/index.php?rest_route=%2Fwp%2Fv2%2Fcategories&post=2929"},{"taxonomy":"post_tag","embeddable":true,"href":"https:\/\/elregionaldigital.info\/index.php?rest_route=%2Fwp%2Fv2%2Ftags&post=2929"}],"curies":[{"name":"wp","href":"https:\/\/api.w.org\/{rel}","templated":true}]}}