{"id":2926,"date":"2024-06-28T21:46:45","date_gmt":"2024-06-28T21:46:45","guid":{"rendered":"http:\/\/elregionaldigital.info\/?p=2926"},"modified":"2024-06-30T21:47:28","modified_gmt":"2024-06-30T21:47:28","slug":"destaca-la-anuies-el-compromiso-de-la-uat-con-la-excelencia-educativa-y-la-responsabilidad-social","status":"publish","type":"post","link":"https:\/\/elregionaldigital.info\/?p=2926","title":{"rendered":"Destaca la ANUIES el compromiso de la UAT con la excelencia educativa y la responsabilidad social"},"content":{"rendered":"\n<p>28 de JUNIO del 2024<\/p>\n\n\n\n<p>La Asociaci\u00f3n Nacional de Universidades e Instituciones de Educaci\u00f3n Superior<br>(ANUIES) destac\u00f3 que el Plan de Desarrollo Institucional 2024-2028 presentado<br>por el rector D\u00e1maso Anaya Alvarado refleja la visi\u00f3n prospectiva de la<br>Universidad Aut\u00f3noma de Tamaulipas (UAT) para la formaci\u00f3n de profesionales<br>con una profunda conciencia social y subraya el papel crucial de las universidades<br>como motores de desarrollo regional y nacional.<br>Al asistir a la presentaci\u00f3n del documento en esta capital, el Dr. Luis<br>Armando Gonz\u00e1lez Placencia, secretario general ejecutivo de la ANUIES, expres\u00f3<br>que el compromiso de la UAT con la excelencia educativa, la responsabilidad<br>social y la formaci\u00f3n integral de sus estudiantes es ejemplar, y enfatiz\u00f3 que la<br>asociaci\u00f3n est\u00e1 orgullosa de respaldar las iniciativas educativas visionarias<br>plasmadas en el plan de trabajo institucional del rector D\u00e1maso Anaya.<br>En ese sentido, resalt\u00f3 tres puntos fundamentales: la alineaci\u00f3n de la<br>agenda universitaria con el desarrollo del pa\u00eds, especialmente en la regi\u00f3n<br>fronteriza; la formaci\u00f3n de talento en \u00e1reas cr\u00edticas como la salud, producci\u00f3n de<br>alimentos, preservaci\u00f3n del medio ambiente, energ\u00edas limpias y econom\u00eda digital,<br>con una perspectiva internacional y regional; y la conversi\u00f3n de las universidades<br>en catalizadoras del progreso, adaptando los modelos curriculares a las nuevas<br>realidades globales y aprovechando oportunidades como la relocalizaci\u00f3n de las<br>cadenas productivas.<br>Subray\u00f3 el titular de la ANUIES que este Plan de Desarrollo Institucional<br>\u201cconstituye una importante herramienta de prospectiva que perfila a esta<br>universidad como un espacio abierto, inclusivo y flexible, en un entorno, como se<br>ha dicho, de respeto a los derechos, que facilita el di\u00e1logo con la sociedad,<br>trascendiendo las barreras econ\u00f3micas, sociales y culturales\u201d.<br>Finalmente, Gonz\u00e1lez Placencia expres\u00f3 su confianza en que la UAT<\/p>\n\n\n\n<p>continuar\u00e1 avanzando hacia la excelencia, apoyada por los poderes p\u00fablicos del<br>estado en una alianza que enfatiza la integraci\u00f3n de la investigaci\u00f3n cient\u00edfica, la<br>innovaci\u00f3n tecnol\u00f3gica y la formaci\u00f3n integral de profesionales con profunda<br>conciencia social.<\/p>\n","protected":false},"excerpt":{"rendered":"<p>28 de JUNIO del 2024 La Asociaci\u00f3n Nacional de Universidades e Instituciones de Educaci\u00f3n Superior(ANUIES) destac\u00f3 que el Plan de Desarrollo Institucional 2024-2028 presentadopor el rector D\u00e1maso Anaya Alvarado refleja la visi\u00f3n prospectiva de laUniversidad Aut\u00f3noma de Tamaulipas (UAT) para la formaci\u00f3n de profesionalescon una profunda conciencia social y subraya el papel crucial de las [&hellip;]<\/p>\n","protected":false},"author":1,"featured_media":2927,"comment_status":"open","ping_status":"open","sticky":false,"template":"","format":"standard","meta":{"footnotes":""},"categories":[4],"tags":[],"class_list":["post-2926","post","type-post","status-publish","format-standard","has-post-thumbnail","hentry","category-universidades"],"blog_post_layout_featured_media_urls":{"thumbnail":["https:\/\/elregionaldigital.info\/wp-content\/uploads\/2024\/06\/2-2-1-150x150.jpg",150,150,true],"full":["https:\/\/elregionaldigital.info\/wp-content\/uploads\/2024\/06\/2-2-1-scaled.jpg",2560,1707,false]},"categories_names":{"4":{"name":"Universidades","link":"https:\/\/elregionaldigital.info\/?cat=4"}},"tags_names":[],"comments_number":"0","wpmagazine_modules_lite_featured_media_urls":{"thumbnail":["https:\/\/elregionaldigital.info\/wp-content\/uploads\/2024\/06\/2-2-1-150x150.jpg",150,150,true],"cvmm-medium":["https:\/\/elregionaldigital.info\/wp-content\/uploads\/2024\/06\/2-2-1-300x300.jpg",300,300,true],"cvmm-medium-plus":["https:\/\/elregionaldigital.info\/wp-content\/uploads\/2024\/06\/2-2-1-305x207.jpg",305,207,true],"cvmm-portrait":["https:\/\/elregionaldigital.info\/wp-content\/uploads\/2024\/06\/2-2-1-400x600.jpg",400,600,true],"cvmm-medium-square":["https:\/\/elregionaldigital.info\/wp-content\/uploads\/2024\/06\/2-2-1-600x600.jpg",600,600,true],"cvmm-large":["https:\/\/elregionaldigital.info\/wp-content\/uploads\/2024\/06\/2-2-1-1024x1024.jpg",1024,1024,true],"cvmm-small":["https:\/\/elregionaldigital.info\/wp-content\/uploads\/2024\/06\/2-2-1-130x95.jpg",130,95,true],"full":["https:\/\/elregionaldigital.info\/wp-content\/uploads\/2024\/06\/2-2-1-scaled.jpg",2560,1707,false]},"_links":{"self":[{"href":"https:\/\/elregionaldigital.info\/index.php?rest_route=\/wp\/v2\/posts\/2926","targetHints":{"allow":["GET"]}}],"collection":[{"href":"https:\/\/elregionaldigital.info\/index.php?rest_route=\/wp\/v2\/posts"}],"about":[{"href":"https:\/\/elregionaldigital.info\/index.php?rest_route=\/wp\/v2\/types\/post"}],"author":[{"embeddable":true,"href":"https:\/\/elregionaldigital.info\/index.php?rest_route=\/wp\/v2\/users\/1"}],"replies":[{"embeddable":true,"href":"https:\/\/elregionaldigital.info\/index.php?rest_route=%2Fwp%2Fv2%2Fcomments&post=2926"}],"version-history":[{"count":1,"href":"https:\/\/elregionaldigital.info\/index.php?rest_route=\/wp\/v2\/posts\/2926\/revisions"}],"predecessor-version":[{"id":2928,"href":"https:\/\/elregionaldigital.info\/index.php?rest_route=\/wp\/v2\/posts\/2926\/revisions\/2928"}],"wp:featuredmedia":[{"embeddable":true,"href":"https:\/\/elregionaldigital.info\/index.php?rest_route=\/wp\/v2\/media\/2927"}],"wp:attachment":[{"href":"https:\/\/elregionaldigital.info\/index.php?rest_route=%2Fwp%2Fv2%2Fmedia&parent=2926"}],"wp:term":[{"taxonomy":"category","embeddable":true,"href":"https:\/\/elregionaldigital.info\/index.php?rest_route=%2Fwp%2Fv2%2Fcategories&post=2926"},{"taxonomy":"post_tag","embeddable":true,"href":"https:\/\/elregionaldigital.info\/index.php?rest_route=%2Fwp%2Fv2%2Ftags&post=2926"}],"curies":[{"name":"wp","href":"https:\/\/api.w.org\/{rel}","templated":true}]}}