{"id":2920,"date":"2024-06-28T20:56:34","date_gmt":"2024-06-28T20:56:34","guid":{"rendered":"http:\/\/elregionaldigital.info\/?p=2920"},"modified":"2024-06-30T20:57:12","modified_gmt":"2024-06-30T20:57:12","slug":"preparan-torneo-de-futbol-asociacion-copa-uat-tamaulipasadmin-28-junio-2024-0","status":"publish","type":"post","link":"https:\/\/elregionaldigital.info\/?p=2920","title":{"rendered":"Preparan torneo de futbol asociaci\u00f3n, Copa UAT Tamaulipasadmin 28 junio, 2024 0"},"content":{"rendered":"\n<p>Cd. Victoria Tamaulipas ;28 de Junio del 2024<\/p>\n\n\n\n<p>Con el firme prop\u00f3sito de impulsar la activaci\u00f3n f\u00edsica en la ni\u00f1ez y juventud de la entidad,<br>adem\u00e1s de contribuir en la detecci\u00f3n y captaci\u00f3n de nuevos talentos para los proyectos del<br>Club Correcaminos y del Instituto del Deporte, la Universidad Aut\u00f3noma de Tamaulipas<br>prepara el Torneo de Futbol Asociaci\u00f3n, Copa UAT Tamaulipas.<br>La justa balomp\u00e9dica, organizada por la Secretar\u00eda de Vinculaci\u00f3n de la UAT a<br>trav\u00e9s de la direcci\u00f3n de Deportes y Recreaci\u00f3n, tendr\u00e1 una etapa clasificatoria, que se<br>disputar\u00e1 en los 8 municipios donde la m\u00e1xima casa de estudios tiene infraestructura<br>acad\u00e9mica y deportiva, y una Etapa Final Estatal, que tendr\u00e1 verificativo en la capital<br>tamaulipeca.<br>En lo que respecta a las categor\u00edas, la competencia estar\u00e1 dividida en 7 divisiones:<br>Sub5, Sub7, Sub9, Sub11, Sub13, Sub15 y Sub17, rama mixta.<br>As\u00ed el calendario de juegos:<br>FASE ELIMINATORIA<br>SEDE FECHAS DE COMPETENCIA<br>Nuevo Laredo Del 9 al 11 de agosto<br>Reynosa Del 23 al 25 de agosto<br>Matamoros Del 6 al 8 de septiembre<br>R\u00edo Bravo Del 20 al 22 de septiembre<br>Valle Hermoso Del 4 al 6 de octubre<br>Tampico Del 18 al 20 de octubre<br>El Mante Del 1 al 3 de noviembre<br>Victoria Del 15 al 17 de noviembre<br>FASE FINAL<br>SEDE FECHAS DE COMPETENCIA<br>Victoria Del 29 de noviembre al 1 de diciembre.<\/p>\n\n\n\n<p>Nuevo Laredo ser\u00e1 la sede inaugural de la Etapa Clasificatoria, tentativamente el<br>viernes 9 de agosto, a partir de las 19:00 horas, en el Estadio Ol\u00edmpico de la Unidad<br>Deportiva Benito Ju\u00e1rez.<\/p>\n\n\n\n<p>El comit\u00e9 organizador ya sostuvo la primera reuni\u00f3n informativa en el Gimnasio<br>Multidisciplinario UAT Nuevo Laredo, donde se reunieron 20 delegados de diferentes<br>clubes de las categor\u00edas infantiles y juveniles, haciendo patente su inter\u00e9s de participar con<br>m\u00e1s de 40 equipos, cifra que aumentar\u00e1 en las pr\u00f3ximas semanas.<br>La segunda junta informativa ser\u00e1 el viernes 26 de julio a las 20:30 en el mismo<br>escenario.<br>Cabe se\u00f1alar que otro de los objetivos de este torneo, es fincar las bases para que, en<br>cada uno de los Campus de la UAT, se integre la Liga Copa UAT, para seguir promoviendo<br>el futbol asociaci\u00f3n, en la ni\u00f1ez y juventud de todo Tamaulipas.<br>Para mayores informes, los interesados se pueden comunicar al tel\u00e9fono 31 8 17 11,<br>en horario de oficina, de lunes a viernes o directamente al WhatsApp 834 115 18 81.<\/p>\n","protected":false},"excerpt":{"rendered":"<p>Cd. Victoria Tamaulipas ;28 de Junio del 2024 Con el firme prop\u00f3sito de impulsar la activaci\u00f3n f\u00edsica en la ni\u00f1ez y juventud de la entidad,adem\u00e1s de contribuir en la detecci\u00f3n y captaci\u00f3n de nuevos talentos para los proyectos delClub Correcaminos y del Instituto del Deporte, la Universidad Aut\u00f3noma de Tamaulipasprepara el Torneo de Futbol Asociaci\u00f3n, [&hellip;]<\/p>\n","protected":false},"author":1,"featured_media":2921,"comment_status":"open","ping_status":"open","sticky":false,"template":"","format":"standard","meta":{"footnotes":""},"categories":[6,4],"tags":[],"class_list":["post-2920","post","type-post","status-publish","format-standard","has-post-thumbnail","hentry","category-deportes","category-universidades"],"blog_post_layout_featured_media_urls":{"thumbnail":["https:\/\/elregionaldigital.info\/wp-content\/uploads\/2024\/06\/WhatsApp-Image-2024-06-28-at-11.49.45-AM-1-150x150.jpeg",150,150,true],"full":["https:\/\/elregionaldigital.info\/wp-content\/uploads\/2024\/06\/WhatsApp-Image-2024-06-28-at-11.49.45-AM-1.jpeg",1600,1066,false]},"categories_names":{"6":{"name":"Deportes","link":"https:\/\/elregionaldigital.info\/?cat=6"},"4":{"name":"Universidades","link":"https:\/\/elregionaldigital.info\/?cat=4"}},"tags_names":[],"comments_number":"0","wpmagazine_modules_lite_featured_media_urls":{"thumbnail":["https:\/\/elregionaldigital.info\/wp-content\/uploads\/2024\/06\/WhatsApp-Image-2024-06-28-at-11.49.45-AM-1-150x150.jpeg",150,150,true],"cvmm-medium":["https:\/\/elregionaldigital.info\/wp-content\/uploads\/2024\/06\/WhatsApp-Image-2024-06-28-at-11.49.45-AM-1-300x300.jpeg",300,300,true],"cvmm-medium-plus":["https:\/\/elregionaldigital.info\/wp-content\/uploads\/2024\/06\/WhatsApp-Image-2024-06-28-at-11.49.45-AM-1-305x207.jpeg",305,207,true],"cvmm-portrait":["https:\/\/elregionaldigital.info\/wp-content\/uploads\/2024\/06\/WhatsApp-Image-2024-06-28-at-11.49.45-AM-1-400x600.jpeg",400,600,true],"cvmm-medium-square":["https:\/\/elregionaldigital.info\/wp-content\/uploads\/2024\/06\/WhatsApp-Image-2024-06-28-at-11.49.45-AM-1-600x600.jpeg",600,600,true],"cvmm-large":["https:\/\/elregionaldigital.info\/wp-content\/uploads\/2024\/06\/WhatsApp-Image-2024-06-28-at-11.49.45-AM-1-1024x1024.jpeg",1024,1024,true],"cvmm-small":["https:\/\/elregionaldigital.info\/wp-content\/uploads\/2024\/06\/WhatsApp-Image-2024-06-28-at-11.49.45-AM-1-130x95.jpeg",130,95,true],"full":["https:\/\/elregionaldigital.info\/wp-content\/uploads\/2024\/06\/WhatsApp-Image-2024-06-28-at-11.49.45-AM-1.jpeg",1600,1066,false]},"_links":{"self":[{"href":"https:\/\/elregionaldigital.info\/index.php?rest_route=\/wp\/v2\/posts\/2920","targetHints":{"allow":["GET"]}}],"collection":[{"href":"https:\/\/elregionaldigital.info\/index.php?rest_route=\/wp\/v2\/posts"}],"about":[{"href":"https:\/\/elregionaldigital.info\/index.php?rest_route=\/wp\/v2\/types\/post"}],"author":[{"embeddable":true,"href":"https:\/\/elregionaldigital.info\/index.php?rest_route=\/wp\/v2\/users\/1"}],"replies":[{"embeddable":true,"href":"https:\/\/elregionaldigital.info\/index.php?rest_route=%2Fwp%2Fv2%2Fcomments&post=2920"}],"version-history":[{"count":1,"href":"https:\/\/elregionaldigital.info\/index.php?rest_route=\/wp\/v2\/posts\/2920\/revisions"}],"predecessor-version":[{"id":2922,"href":"https:\/\/elregionaldigital.info\/index.php?rest_route=\/wp\/v2\/posts\/2920\/revisions\/2922"}],"wp:featuredmedia":[{"embeddable":true,"href":"https:\/\/elregionaldigital.info\/index.php?rest_route=\/wp\/v2\/media\/2921"}],"wp:attachment":[{"href":"https:\/\/elregionaldigital.info\/index.php?rest_route=%2Fwp%2Fv2%2Fmedia&parent=2920"}],"wp:term":[{"taxonomy":"category","embeddable":true,"href":"https:\/\/elregionaldigital.info\/index.php?rest_route=%2Fwp%2Fv2%2Fcategories&post=2920"},{"taxonomy":"post_tag","embeddable":true,"href":"https:\/\/elregionaldigital.info\/index.php?rest_route=%2Fwp%2Fv2%2Ftags&post=2920"}],"curies":[{"name":"wp","href":"https:\/\/api.w.org\/{rel}","templated":true}]}}