{"id":292,"date":"2022-10-12T16:13:00","date_gmt":"2022-10-12T16:13:00","guid":{"rendered":"http:\/\/elregionaldigital.info\/?p=292"},"modified":"2022-10-13T16:17:16","modified_gmt":"2022-10-13T16:17:16","slug":"fue-muy-pesado-trabajar-con-lucia-mendez-laura-zapata","status":"publish","type":"post","link":"https:\/\/elregionaldigital.info\/?p=292","title":{"rendered":"Fue muy pesado trabajar con Luc\u00eda M\u00e9ndez: Laura Zapata"},"content":{"rendered":"\n<figure class=\"wp-block-image size-large\"><img loading=\"lazy\" decoding=\"async\" width=\"903\" height=\"1024\" src=\"http:\/\/elregionaldigital.info\/wp-content\/uploads\/2022\/10\/Siempre20Reinas-903x1024.webp\" alt=\"\" class=\"wp-image-293\" srcset=\"https:\/\/elregionaldigital.info\/wp-content\/uploads\/2022\/10\/Siempre20Reinas-903x1024.webp 903w, https:\/\/elregionaldigital.info\/wp-content\/uploads\/2022\/10\/Siempre20Reinas-264x300.webp 264w, https:\/\/elregionaldigital.info\/wp-content\/uploads\/2022\/10\/Siempre20Reinas-768x871.webp 768w, https:\/\/elregionaldigital.info\/wp-content\/uploads\/2022\/10\/Siempre20Reinas-1354x1536.webp 1354w, https:\/\/elregionaldigital.info\/wp-content\/uploads\/2022\/10\/Siempre20Reinas.webp 1600w\" sizes=\"auto, (max-width: 903px) 100vw, 903px\" \/><\/figure>\n\n\n\n<p>M\u00c9XICO.- En \u00faltimas fechas, la actriz Laura Zapata ha estado de en el ojo del hurac\u00e1n por sus pol\u00e9micas declaraciones y en este caso no ser\u00e1 la excepci\u00f3n, pues al no guardarse nada en el pecho, siempre choca con el pensamiento de los dem\u00e1s. Ahora, se fue en contra de su compa\u00f1era Luc\u00eda M\u00e9ndez con quien trabaj\u00f3 en la serie de Netflix \u201cSiempre reinas\u201d donde al parecer no se llevaron nada bien, pues asegur\u00f3 que fue pesado trabajar con ella. <\/p>\n\n\n\n<p>Durante un encuentro con la prensa, ella siempre ha sacado las garras cuando alguien busca demeritar su carrera art\u00edstica como fue el caso de la protagonista de la telenovela \u201cEl extra\u00f1o retorno de Diana Salazar\u201d. Mencion\u00f3 que si no se paran los \u201ccarros que nos quieren atropellar\u201d no tiene chiste. De igual manera reiter\u00f3 que no busca quedar bien con nadie, pues es una artista que domina varias disciplinas por lo que no permitir\u00e1 que nadie le diga \u201cde qu\u00e9 color es mi carrera\u201d.<\/p>\n\n\n\n<p><strong>\u00bfQu\u00e9 dijo Laura Zapata de Luc\u00eda M\u00e9ndez y el resto de sus compa\u00f1eras?<\/strong><br>A pesar de que ten\u00eda puesto el cubrebocas, por seguridad ante un posible contagio de Covid-19, Laura Zapata esboz\u00f3 una sonrisa cuando habl\u00f3 de Sylvia Pasquel y Lorena b, las otras reinas del programa. A las dos las catalog\u00f3 de ser un \u201cencanto\u201d como compa\u00f1eras, pues pudieron trabajar \u201cpadr\u00edsimo\u201d. En este caso, asegur\u00f3 que el reality le ofreci\u00f3 al espectador mucha transparencia y ah\u00ed se pudo ver la relaci\u00f3n entre las cuatro famosas.<\/p>\n\n\n\n<p>No obstante y sin pelos en la lengua afirm\u00f3 que Luc\u00eda M\u00e9ndez es una persona que tiene \u201cmalas costumbres\u201d adem\u00e1s de haber sido complicado haber tenido una relaci\u00f3n laboral por sus \u201cdesplantes\u201d hac\u00eda sus compa\u00f1eros, con la empresa, con los productores: \u201co sea, qu\u00e9 te pas\u00f3 maestra. No, ella desde el siglo pasado no hace ni una telenovela. No est\u00e1 vigente\u201d, expres\u00f3. A pesar del detalle que no la tiene contenta, dijo estar feliz por el \u00e9xito que tienen con \u201cSiempre reinas\u201d.<\/p>\n\n\n\n<p><strong>Laura Zapata vs Luc\u00eda M\u00e9ndez<\/strong><br>El caso de inmediato llam\u00f3 la atenci\u00f3n de la prensa rosa y en este caso, en el programa De Primera Mano no pas\u00f3 por alto. A pesar de que su titular, Gustavo Adolfo Infante, tiene pleito con la hermana de Thal\u00eda su opini\u00f3n la hizo lo m\u00e1s neutra posible, pues se trata de dos estrellas de la televisi\u00f3n mexicana que se est\u00e1n enfrascando en una disputa como si se tratara de dos jovencitas. En un ejercicio de memoria, el periodista record\u00f3 los logros que las dos han tenido a lo largo de sus carreras art\u00edsticas.<\/p>\n\n\n\n<p>En el caso de los \u201cn\u00fameros\u201d, ambas gustaron a la audiencia con todos sus trabajos; sin embargo, sus caminos en la industria del entretenimiento son distintos y mientras una fue protag\u00f3nica, la otra tuvo importantes papeles de antag\u00f3nica. Una tiene una carrera musical, mientras la otra tiene experiencia en teatro. No obstante, ambas tienen su car\u00e1cter, pero destac\u00f3 que Laura Zapata es \u201cla se\u00f1ora Contreras\u201d, pues se pelea con todo el mundo y \u201cpor eso la metieron ah\u00ed\u201d.<\/p>\n\n\n\n<p>CON INFORMACI\u00d3N DE EL HERALDO DE M\u00c9XICO<\/p>\n","protected":false},"excerpt":{"rendered":"<p>M\u00c9XICO.- En \u00faltimas fechas, la actriz Laura Zapata ha estado de en el ojo del hurac\u00e1n por sus pol\u00e9micas declaraciones y en este caso no ser\u00e1 la excepci\u00f3n, pues al no guardarse nada en el pecho, siempre choca con el pensamiento de los dem\u00e1s. Ahora, se fue en contra de su compa\u00f1era Luc\u00eda M\u00e9ndez con [&hellip;]<\/p>\n","protected":false},"author":1,"featured_media":293,"comment_status":"open","ping_status":"open","sticky":false,"template":"","format":"standard","meta":{"footnotes":""},"categories":[3],"tags":[],"class_list":["post-292","post","type-post","status-publish","format-standard","has-post-thumbnail","hentry","category-entretenimiento"],"blog_post_layout_featured_media_urls":{"thumbnail":["https:\/\/elregionaldigital.info\/wp-content\/uploads\/2022\/10\/Siempre20Reinas-150x150.webp",150,150,true],"full":["https:\/\/elregionaldigital.info\/wp-content\/uploads\/2022\/10\/Siempre20Reinas.webp",1600,1815,false]},"categories_names":{"3":{"name":"Entretenimiento","link":"https:\/\/elregionaldigital.info\/?cat=3"}},"tags_names":[],"comments_number":"0","wpmagazine_modules_lite_featured_media_urls":{"thumbnail":["https:\/\/elregionaldigital.info\/wp-content\/uploads\/2022\/10\/Siempre20Reinas-150x150.webp",150,150,true],"cvmm-medium":["https:\/\/elregionaldigital.info\/wp-content\/uploads\/2022\/10\/Siempre20Reinas-300x300.webp",300,300,true],"cvmm-medium-plus":["https:\/\/elregionaldigital.info\/wp-content\/uploads\/2022\/10\/Siempre20Reinas-305x207.webp",305,207,true],"cvmm-portrait":["https:\/\/elregionaldigital.info\/wp-content\/uploads\/2022\/10\/Siempre20Reinas-400x600.webp",400,600,true],"cvmm-medium-square":["https:\/\/elregionaldigital.info\/wp-content\/uploads\/2022\/10\/Siempre20Reinas-600x600.webp",600,600,true],"cvmm-large":["https:\/\/elregionaldigital.info\/wp-content\/uploads\/2022\/10\/Siempre20Reinas-1024x1024.webp",1024,1024,true],"cvmm-small":["https:\/\/elregionaldigital.info\/wp-content\/uploads\/2022\/10\/Siempre20Reinas-130x95.webp",130,95,true],"full":["https:\/\/elregionaldigital.info\/wp-content\/uploads\/2022\/10\/Siempre20Reinas.webp",1600,1815,false]},"_links":{"self":[{"href":"https:\/\/elregionaldigital.info\/index.php?rest_route=\/wp\/v2\/posts\/292","targetHints":{"allow":["GET"]}}],"collection":[{"href":"https:\/\/elregionaldigital.info\/index.php?rest_route=\/wp\/v2\/posts"}],"about":[{"href":"https:\/\/elregionaldigital.info\/index.php?rest_route=\/wp\/v2\/types\/post"}],"author":[{"embeddable":true,"href":"https:\/\/elregionaldigital.info\/index.php?rest_route=\/wp\/v2\/users\/1"}],"replies":[{"embeddable":true,"href":"https:\/\/elregionaldigital.info\/index.php?rest_route=%2Fwp%2Fv2%2Fcomments&post=292"}],"version-history":[{"count":1,"href":"https:\/\/elregionaldigital.info\/index.php?rest_route=\/wp\/v2\/posts\/292\/revisions"}],"predecessor-version":[{"id":294,"href":"https:\/\/elregionaldigital.info\/index.php?rest_route=\/wp\/v2\/posts\/292\/revisions\/294"}],"wp:featuredmedia":[{"embeddable":true,"href":"https:\/\/elregionaldigital.info\/index.php?rest_route=\/wp\/v2\/media\/293"}],"wp:attachment":[{"href":"https:\/\/elregionaldigital.info\/index.php?rest_route=%2Fwp%2Fv2%2Fmedia&parent=292"}],"wp:term":[{"taxonomy":"category","embeddable":true,"href":"https:\/\/elregionaldigital.info\/index.php?rest_route=%2Fwp%2Fv2%2Fcategories&post=292"},{"taxonomy":"post_tag","embeddable":true,"href":"https:\/\/elregionaldigital.info\/index.php?rest_route=%2Fwp%2Fv2%2Ftags&post=292"}],"curies":[{"name":"wp","href":"https:\/\/api.w.org\/{rel}","templated":true}]}}