{"id":2917,"date":"2024-06-27T20:35:46","date_gmt":"2024-06-27T20:35:46","guid":{"rendered":"http:\/\/elregionaldigital.info\/?p=2917"},"modified":"2024-06-30T20:36:19","modified_gmt":"2024-06-30T20:36:19","slug":"formara-la-uat-a-estudiantes-desde-una-vision-humanista-y-de-responsabilidad-social","status":"publish","type":"post","link":"https:\/\/elregionaldigital.info\/?p=2917","title":{"rendered":"Formar\u00e1 La UAT A Estudiantes Desde Una Visi\u00f3n Humanista Y De Responsabilidad Social."},"content":{"rendered":"\n<p>27 de Junio 2024<\/p>\n\n\n\n<p>El rector D\u00e1maso Leonardo Anaya Alvarado asever\u00f3 que el Plan de Desarrollo<br>Institucional 2024-2028 de la Universidad Aut\u00f3noma de Tamaulipas (UAT) define<br>las estrategias que seguir\u00e1 la casa de estudios para formar a los profesionistas<br>bajo una visi\u00f3n humanista y de responsabilidad social.<br>Durante la presentaci\u00f3n del documento a la Asamblea Universitaria y a la<br>sociedad en su conjunto, subray\u00f3 que la nueva visi\u00f3n acad\u00e9mica de la UAT<br>contempla no solo preparar a los j\u00f3venes para trabajar, sino educarlos para la<br>vida.<br>Explic\u00f3 que, en esta nueva ruta, el primero de los ejes busca que el<br>estudiantado reciba una formaci\u00f3n integral, pertinente, dual y flexible, que les<br>ofrezca todos los aprendizajes que necesitan las nuevas generaciones en un<br>mundo que est\u00e1 demandando habilidades m\u00faltiples.<br>Tambi\u00e9n propone ampliar las oportunidades de ingreso a las aulas<br>universitarias para m\u00e1s j\u00f3venes tamaulipecos, as\u00ed como abrir nuevas carreras y<br>especialidades que respondan a las vocaciones productivas y a las demandas<br>profesionales y t\u00e9cnicas de las regiones.<br>El segundo eje del Plan de Desarrollo Institucional de la UAT tiene como<br>prioridad la dignificaci\u00f3n de los docentes. En este rubro, el rector destac\u00f3 su<br>compromiso con el personal acad\u00e9mico, para quienes se definir\u00e1n los<br>mecanismos que incentiven su productividad y la excelencia en su pr\u00e1ctica<br>pedag\u00f3gica, lo que incluye adem\u00e1s avanzar en su campo de especialidad y en la<br>profundizaci\u00f3n del sentido humanista de su ejercicio.<br>En lo que respecta al tercer eje, el MVZ D\u00e1maso Anaya Alvarado se\u00f1al\u00f3<br>que aborda una de las funciones sustantivas de la Universidad, como es la<br>generaci\u00f3n de conocimientos y su difusi\u00f3n, para lo cual se orientar\u00e1 la<br>investigaci\u00f3n con impacto en las comunidades, en hacerla accesible y aplicable en<\/p>\n\n\n\n<p>la sociedad.<br>En ese sentido, sostuvo que se impulsar\u00e1 la formaci\u00f3n de talento humano<br>en la investigaci\u00f3n y el desarrollo tecnol\u00f3gico, as\u00ed como en la transferencia de<br>conocimientos, con la premisa de contribuir a solucionar problemas y que sea una<br>de las principales fuentes de bienestar y prosperidad en el estado.<br>Finalmente, en el eje cuatro, referente a la extensi\u00f3n universitaria, explic\u00f3<br>que se fortalecer\u00e1 la vinculaci\u00f3n con la comunidad, se promover\u00e1 la cohesi\u00f3n<br>interna, la cultura de paz, el deporte, la activaci\u00f3n f\u00edsica y el bienestar<br>socioemocional.<br>Puntualiz\u00f3 el rector que los ejes del Plan de Desarrollo Institucional se<br>reforzar\u00e1n con estrategias transversales para garantizar los derechos de los<br>universitarios, impulsar la participaci\u00f3n social y la sostenibilidad.<\/p>\n","protected":false},"excerpt":{"rendered":"<p>27 de Junio 2024 El rector D\u00e1maso Leonardo Anaya Alvarado asever\u00f3 que el Plan de DesarrolloInstitucional 2024-2028 de la Universidad Aut\u00f3noma de Tamaulipas (UAT) definelas estrategias que seguir\u00e1 la casa de estudios para formar a los profesionistasbajo una visi\u00f3n humanista y de responsabilidad social.Durante la presentaci\u00f3n del documento a la Asamblea Universitaria y a lasociedad [&hellip;]<\/p>\n","protected":false},"author":1,"featured_media":2918,"comment_status":"open","ping_status":"open","sticky":false,"template":"","format":"standard","meta":{"footnotes":""},"categories":[4],"tags":[],"class_list":["post-2917","post","type-post","status-publish","format-standard","has-post-thumbnail","hentry","category-universidades"],"blog_post_layout_featured_media_urls":{"thumbnail":["https:\/\/elregionaldigital.info\/wp-content\/uploads\/2024\/06\/1-2-1-scaled.jpg",117,150,false],"full":["https:\/\/elregionaldigital.info\/wp-content\/uploads\/2024\/06\/1-2-1-scaled.jpg",2003,2560,false]},"categories_names":{"4":{"name":"Universidades","link":"https:\/\/elregionaldigital.info\/?cat=4"}},"tags_names":[],"comments_number":"0","wpmagazine_modules_lite_featured_media_urls":{"thumbnail":["https:\/\/elregionaldigital.info\/wp-content\/uploads\/2024\/06\/1-2-1-scaled.jpg",117,150,false],"cvmm-medium":["https:\/\/elregionaldigital.info\/wp-content\/uploads\/2024\/06\/1-2-1-scaled.jpg",235,300,false],"cvmm-medium-plus":["https:\/\/elregionaldigital.info\/wp-content\/uploads\/2024\/06\/1-2-1-scaled.jpg",162,207,false],"cvmm-portrait":["https:\/\/elregionaldigital.info\/wp-content\/uploads\/2024\/06\/1-2-1-scaled.jpg",400,511,false],"cvmm-medium-square":["https:\/\/elregionaldigital.info\/wp-content\/uploads\/2024\/06\/1-2-1-scaled.jpg",469,600,false],"cvmm-large":["https:\/\/elregionaldigital.info\/wp-content\/uploads\/2024\/06\/1-2-1-scaled.jpg",801,1024,false],"cvmm-small":["https:\/\/elregionaldigital.info\/wp-content\/uploads\/2024\/06\/1-2-1-scaled.jpg",74,95,false],"full":["https:\/\/elregionaldigital.info\/wp-content\/uploads\/2024\/06\/1-2-1-scaled.jpg",2003,2560,false]},"_links":{"self":[{"href":"https:\/\/elregionaldigital.info\/index.php?rest_route=\/wp\/v2\/posts\/2917","targetHints":{"allow":["GET"]}}],"collection":[{"href":"https:\/\/elregionaldigital.info\/index.php?rest_route=\/wp\/v2\/posts"}],"about":[{"href":"https:\/\/elregionaldigital.info\/index.php?rest_route=\/wp\/v2\/types\/post"}],"author":[{"embeddable":true,"href":"https:\/\/elregionaldigital.info\/index.php?rest_route=\/wp\/v2\/users\/1"}],"replies":[{"embeddable":true,"href":"https:\/\/elregionaldigital.info\/index.php?rest_route=%2Fwp%2Fv2%2Fcomments&post=2917"}],"version-history":[{"count":1,"href":"https:\/\/elregionaldigital.info\/index.php?rest_route=\/wp\/v2\/posts\/2917\/revisions"}],"predecessor-version":[{"id":2919,"href":"https:\/\/elregionaldigital.info\/index.php?rest_route=\/wp\/v2\/posts\/2917\/revisions\/2919"}],"wp:featuredmedia":[{"embeddable":true,"href":"https:\/\/elregionaldigital.info\/index.php?rest_route=\/wp\/v2\/media\/2918"}],"wp:attachment":[{"href":"https:\/\/elregionaldigital.info\/index.php?rest_route=%2Fwp%2Fv2%2Fmedia&parent=2917"}],"wp:term":[{"taxonomy":"category","embeddable":true,"href":"https:\/\/elregionaldigital.info\/index.php?rest_route=%2Fwp%2Fv2%2Fcategories&post=2917"},{"taxonomy":"post_tag","embeddable":true,"href":"https:\/\/elregionaldigital.info\/index.php?rest_route=%2Fwp%2Fv2%2Ftags&post=2917"}],"curies":[{"name":"wp","href":"https:\/\/api.w.org\/{rel}","templated":true}]}}