{"id":2911,"date":"2024-06-09T18:16:13","date_gmt":"2024-06-09T18:16:13","guid":{"rendered":"http:\/\/elregionaldigital.info\/?p=2911"},"modified":"2024-06-26T18:19:39","modified_gmt":"2024-06-26T18:19:39","slug":"brilla-en-londres-eiza-gonzalez","status":"publish","type":"post","link":"https:\/\/elregionaldigital.info\/?p=2911","title":{"rendered":"Brilla en Londres Eiza Gonz\u00e1lez"},"content":{"rendered":"\n<p>09 de junio de 2024<\/p>\n\n\n\n<p>Eiza Gonz\u00e1lez captur\u00f3 todas las miradas durante la fiesta de verano del Victoria and Albert (V&amp;A) Museum en Londres, donde deslumbr\u00f3 con un elegante vestido blanco de escote profundo. La actriz mexicana, conocida por su papel en \u201cBaby Driver\u201d, se uni\u00f3 a la supermodelo Naomi Campbell en este evento exclusivo organizado por la marca de moda Boss.<\/p>\n\n\n\n<p><strong>El vestido de Eiza,<\/strong>&nbsp;un dise\u00f1o slip con top holgado, cuello halter, escote en V profundo y falda ajustada con abertura trasera, resalt\u00f3 su figura y estilo sofisticado. Su cabello color chocolate estaba peinado en mechones lacios con raya en medio y flequillo abierto, complementando su look et\u00e9reo. El maquillaje, con un efecto de porcelana, labial nude, blush rosado, cat eye negro y sombras oscuras, defini\u00f3 su rostro con elegancia.<\/p>\n","protected":false},"excerpt":{"rendered":"<p>09 de junio de 2024 Eiza Gonz\u00e1lez captur\u00f3 todas las miradas durante la fiesta de verano del Victoria and Albert (V&amp;A) Museum en Londres, donde deslumbr\u00f3 con un elegante vestido blanco de escote profundo. La actriz mexicana, conocida por su papel en \u201cBaby Driver\u201d, se uni\u00f3 a la supermodelo Naomi Campbell en este evento exclusivo [&hellip;]<\/p>\n","protected":false},"author":1,"featured_media":2912,"comment_status":"open","ping_status":"open","sticky":false,"template":"","format":"standard","meta":{"footnotes":""},"categories":[3],"tags":[],"class_list":["post-2911","post","type-post","status-publish","format-standard","has-post-thumbnail","hentry","category-entretenimiento"],"blog_post_layout_featured_media_urls":{"thumbnail":["https:\/\/elregionaldigital.info\/wp-content\/uploads\/2024\/06\/eizagonzalezjpeg-150x150.webp",150,150,true],"full":["https:\/\/elregionaldigital.info\/wp-content\/uploads\/2024\/06\/eizagonzalezjpeg.webp",855,491,false]},"categories_names":{"3":{"name":"Entretenimiento","link":"https:\/\/elregionaldigital.info\/?cat=3"}},"tags_names":[],"comments_number":"0","wpmagazine_modules_lite_featured_media_urls":{"thumbnail":["https:\/\/elregionaldigital.info\/wp-content\/uploads\/2024\/06\/eizagonzalezjpeg-150x150.webp",150,150,true],"cvmm-medium":["https:\/\/elregionaldigital.info\/wp-content\/uploads\/2024\/06\/eizagonzalezjpeg-300x300.webp",300,300,true],"cvmm-medium-plus":["https:\/\/elregionaldigital.info\/wp-content\/uploads\/2024\/06\/eizagonzalezjpeg-305x207.webp",305,207,true],"cvmm-portrait":["https:\/\/elregionaldigital.info\/wp-content\/uploads\/2024\/06\/eizagonzalezjpeg-400x491.webp",400,491,true],"cvmm-medium-square":["https:\/\/elregionaldigital.info\/wp-content\/uploads\/2024\/06\/eizagonzalezjpeg-600x491.webp",600,491,true],"cvmm-large":["https:\/\/elregionaldigital.info\/wp-content\/uploads\/2024\/06\/eizagonzalezjpeg.webp",855,491,false],"cvmm-small":["https:\/\/elregionaldigital.info\/wp-content\/uploads\/2024\/06\/eizagonzalezjpeg-130x95.webp",130,95,true],"full":["https:\/\/elregionaldigital.info\/wp-content\/uploads\/2024\/06\/eizagonzalezjpeg.webp",855,491,false]},"_links":{"self":[{"href":"https:\/\/elregionaldigital.info\/index.php?rest_route=\/wp\/v2\/posts\/2911","targetHints":{"allow":["GET"]}}],"collection":[{"href":"https:\/\/elregionaldigital.info\/index.php?rest_route=\/wp\/v2\/posts"}],"about":[{"href":"https:\/\/elregionaldigital.info\/index.php?rest_route=\/wp\/v2\/types\/post"}],"author":[{"embeddable":true,"href":"https:\/\/elregionaldigital.info\/index.php?rest_route=\/wp\/v2\/users\/1"}],"replies":[{"embeddable":true,"href":"https:\/\/elregionaldigital.info\/index.php?rest_route=%2Fwp%2Fv2%2Fcomments&post=2911"}],"version-history":[{"count":1,"href":"https:\/\/elregionaldigital.info\/index.php?rest_route=\/wp\/v2\/posts\/2911\/revisions"}],"predecessor-version":[{"id":2913,"href":"https:\/\/elregionaldigital.info\/index.php?rest_route=\/wp\/v2\/posts\/2911\/revisions\/2913"}],"wp:featuredmedia":[{"embeddable":true,"href":"https:\/\/elregionaldigital.info\/index.php?rest_route=\/wp\/v2\/media\/2912"}],"wp:attachment":[{"href":"https:\/\/elregionaldigital.info\/index.php?rest_route=%2Fwp%2Fv2%2Fmedia&parent=2911"}],"wp:term":[{"taxonomy":"category","embeddable":true,"href":"https:\/\/elregionaldigital.info\/index.php?rest_route=%2Fwp%2Fv2%2Fcategories&post=2911"},{"taxonomy":"post_tag","embeddable":true,"href":"https:\/\/elregionaldigital.info\/index.php?rest_route=%2Fwp%2Fv2%2Ftags&post=2911"}],"curies":[{"name":"wp","href":"https:\/\/api.w.org\/{rel}","templated":true}]}}