{"id":2905,"date":"2024-06-14T18:11:21","date_gmt":"2024-06-14T18:11:21","guid":{"rendered":"http:\/\/elregionaldigital.info\/?p=2905"},"modified":"2024-06-26T18:12:36","modified_gmt":"2024-06-26T18:12:36","slug":"apoya-a-imelda-tunon-maribel-guardia-en-su-camino-al-amor","status":"publish","type":"post","link":"https:\/\/elregionaldigital.info\/?p=2905","title":{"rendered":"Apoya a Imelda Tu\u00f1\u00f3n  Maribel Guardia en su camino al amor"},"content":{"rendered":"\n<p>14 de Junio 2024<\/p>\n\n\n\n<p>La actriz Maribel Guardia, quien a\u00fan guarda luto por la p\u00e9rdida de su hijo Juli\u00e1n Figueroa, ha compartido sus pensamientos sobre la posibilidad de que su nuera, Imelda Garza Tu\u00f1\u00f3n, est\u00e9 iniciando una nueva relaci\u00f3n amorosa. A poco m\u00e1s de un a\u00f1o del fallecimiento de Juli\u00e1n, los rumores sobre un romance entre Imelda y Francisco Fern\u00e1ndez Tovar han comenzado a circular.<\/p>\n\n\n\n<p>Imelda Garza Tu\u00f1\u00f3n, viuda del cantante Juli\u00e1n Figueroa, fue vista recientemente acompa\u00f1ada por Fern\u00e1ndez en el estreno de la obra&nbsp;<em>Aventurera<\/em>&nbsp;en la Ciudad de M\u00e9xico, donde se les observ\u00f3 tomados de la mano. Sin embargo, en una entrevista para el programa&nbsp;<em>Ventaneando<\/em>, Imelda aclar\u00f3 que solo son amigos y que actualmente est\u00e1 enfocada en su carrera profesional, con varios proyectos en puerta.<\/p>\n\n\n\n<p>Maribel Guardia, de 65 a\u00f1os, expres\u00f3 en una entrevista con&nbsp;<em>Ventaneando<\/em>&nbsp;que comprende y apoya la necesidad de su nuera de seguir adelante con su vida. \u201cSeguramente que la ver\u00e1n con varios porque es una mujer soltera, digo, no es que a m\u00ed me encante, pero entiendo que es una mujer libre, una mujer muy guapa, joven y pues tiene que hacer su vida y continuar\u201d, coment\u00f3 la actriz.<\/p>\n\n\n\n<p>Guardia destac\u00f3 la importancia de que Imelda encuentre un buen hombre en el futuro. \u201cEs dif\u00edcil para m\u00ed, pero entiendo completamente que ella tiene que rehacer su vida, es joven, es bella y pues la vida contin\u00faa, que Dios la acompa\u00f1e. Lo que le pido a Dios es que un buen hombre le depare porque lo que le toque a ella, le va a tocar a mi nieto\u201d, agreg\u00f3.<\/p>\n\n\n\n<p>Maribel tambi\u00e9n revel\u00f3 que frecuentemente reza por Imelda. \u201cCuando estoy rez\u00e1ndole a la Virgen, siempre que me hinco, cr\u00e9emelo, que por la primera persona por la que pido es por Imelda, pidi\u00e9ndole a Dios que la cuide, que la proteja, que, si un d\u00eda le pone un hombre, sea un hombre bueno\u201d, expres\u00f3.<\/p>\n\n\n\n<p>Imelda Garza Tu\u00f1\u00f3n, de 27 a\u00f1os, qued\u00f3 viuda a los 26 despu\u00e9s de estar casada con Juli\u00e1n Figueroa por m\u00e1s de 10 a\u00f1os. Actualmente, ella y su hijo Jos\u00e9 Juli\u00e1n, de 7 a\u00f1os, viven en casa de Maribel Guardia, quien contin\u00faa apoy\u00e1ndolos en esta nueva etapa de sus vidas.<\/p>\n","protected":false},"excerpt":{"rendered":"<p>14 de Junio 2024 La actriz Maribel Guardia, quien a\u00fan guarda luto por la p\u00e9rdida de su hijo Juli\u00e1n Figueroa, ha compartido sus pensamientos sobre la posibilidad de que su nuera, Imelda Garza Tu\u00f1\u00f3n, est\u00e9 iniciando una nueva relaci\u00f3n amorosa. A poco m\u00e1s de un a\u00f1o del fallecimiento de Juli\u00e1n, los rumores sobre un romance [&hellip;]<\/p>\n","protected":false},"author":1,"featured_media":2906,"comment_status":"open","ping_status":"open","sticky":false,"template":"","format":"standard","meta":{"footnotes":""},"categories":[3],"tags":[],"class_list":["post-2905","post","type-post","status-publish","format-standard","has-post-thumbnail","hentry","category-entretenimiento"],"blog_post_layout_featured_media_urls":{"thumbnail":["https:\/\/elregionaldigital.info\/wp-content\/uploads\/2024\/06\/maribel-guardia.jpg_554688468-750x422-1-150x150.webp",150,150,true],"full":["https:\/\/elregionaldigital.info\/wp-content\/uploads\/2024\/06\/maribel-guardia.jpg_554688468-750x422-1.webp",750,422,false]},"categories_names":{"3":{"name":"Entretenimiento","link":"https:\/\/elregionaldigital.info\/?cat=3"}},"tags_names":[],"comments_number":"0","wpmagazine_modules_lite_featured_media_urls":{"thumbnail":["https:\/\/elregionaldigital.info\/wp-content\/uploads\/2024\/06\/maribel-guardia.jpg_554688468-750x422-1-150x150.webp",150,150,true],"cvmm-medium":["https:\/\/elregionaldigital.info\/wp-content\/uploads\/2024\/06\/maribel-guardia.jpg_554688468-750x422-1-300x300.webp",300,300,true],"cvmm-medium-plus":["https:\/\/elregionaldigital.info\/wp-content\/uploads\/2024\/06\/maribel-guardia.jpg_554688468-750x422-1-305x207.webp",305,207,true],"cvmm-portrait":["https:\/\/elregionaldigital.info\/wp-content\/uploads\/2024\/06\/maribel-guardia.jpg_554688468-750x422-1-400x422.webp",400,422,true],"cvmm-medium-square":["https:\/\/elregionaldigital.info\/wp-content\/uploads\/2024\/06\/maribel-guardia.jpg_554688468-750x422-1-600x422.webp",600,422,true],"cvmm-large":["https:\/\/elregionaldigital.info\/wp-content\/uploads\/2024\/06\/maribel-guardia.jpg_554688468-750x422-1.webp",750,422,false],"cvmm-small":["https:\/\/elregionaldigital.info\/wp-content\/uploads\/2024\/06\/maribel-guardia.jpg_554688468-750x422-1-130x95.webp",130,95,true],"full":["https:\/\/elregionaldigital.info\/wp-content\/uploads\/2024\/06\/maribel-guardia.jpg_554688468-750x422-1.webp",750,422,false]},"_links":{"self":[{"href":"https:\/\/elregionaldigital.info\/index.php?rest_route=\/wp\/v2\/posts\/2905","targetHints":{"allow":["GET"]}}],"collection":[{"href":"https:\/\/elregionaldigital.info\/index.php?rest_route=\/wp\/v2\/posts"}],"about":[{"href":"https:\/\/elregionaldigital.info\/index.php?rest_route=\/wp\/v2\/types\/post"}],"author":[{"embeddable":true,"href":"https:\/\/elregionaldigital.info\/index.php?rest_route=\/wp\/v2\/users\/1"}],"replies":[{"embeddable":true,"href":"https:\/\/elregionaldigital.info\/index.php?rest_route=%2Fwp%2Fv2%2Fcomments&post=2905"}],"version-history":[{"count":1,"href":"https:\/\/elregionaldigital.info\/index.php?rest_route=\/wp\/v2\/posts\/2905\/revisions"}],"predecessor-version":[{"id":2907,"href":"https:\/\/elregionaldigital.info\/index.php?rest_route=\/wp\/v2\/posts\/2905\/revisions\/2907"}],"wp:featuredmedia":[{"embeddable":true,"href":"https:\/\/elregionaldigital.info\/index.php?rest_route=\/wp\/v2\/media\/2906"}],"wp:attachment":[{"href":"https:\/\/elregionaldigital.info\/index.php?rest_route=%2Fwp%2Fv2%2Fmedia&parent=2905"}],"wp:term":[{"taxonomy":"category","embeddable":true,"href":"https:\/\/elregionaldigital.info\/index.php?rest_route=%2Fwp%2Fv2%2Fcategories&post=2905"},{"taxonomy":"post_tag","embeddable":true,"href":"https:\/\/elregionaldigital.info\/index.php?rest_route=%2Fwp%2Fv2%2Ftags&post=2905"}],"curies":[{"name":"wp","href":"https:\/\/api.w.org\/{rel}","templated":true}]}}