{"id":2899,"date":"2024-06-12T18:05:14","date_gmt":"2024-06-12T18:05:14","guid":{"rendered":"http:\/\/elregionaldigital.info\/?p=2899"},"modified":"2024-06-26T18:06:37","modified_gmt":"2024-06-26T18:06:37","slug":"cambio-climatico-amenaza-a-osos-polares-en-canada","status":"publish","type":"post","link":"https:\/\/elregionaldigital.info\/?p=2899","title":{"rendered":"Cambio clim\u00e1tico amenaza a osos polares en Canad\u00e1"},"content":{"rendered":"\n<p>12 de JUNIO 2024<a href=\"https:\/\/laverdad.com.mx\/wp-content\/uploads\/2024\/06\/our-polaire-churchill.avif\"><\/a><\/p>\n\n\n\n<p>La poblaci\u00f3n de osos polares en la bah\u00eda de Hudson, ubicada en la costa nordeste del \u00c1rtico canadiense, podr\u00eda enfrentarse a una desaparici\u00f3n inminente si no se logra limitar el aumento de la temperatura del planeta a 2 grados antes del 2030. Esta advertencia proviene del estudio cient\u00edfico m\u00e1s exhaustivo hasta la fecha sobre el impacto del cambio clim\u00e1tico en la fauna de la bah\u00eda, publicado en la revista&nbsp;<em>Communications Earth &amp; Environment<\/em>.<\/p>\n\n\n\n<p>La bah\u00eda de Hudson es un \u00e1rea vital para la biodiversidad global, albergando aproximadamente 1,700 osos polares de dos de las 19 subespecies que existen en las latitudes m\u00e1s al sur del planeta. Los osos polares, que dependen del hielo marino para cazar focas desde mediados de oto\u00f1o hasta finales de invierno, enfrentan grandes desaf\u00edos debido al r\u00e1pido derretimiento del hielo.<\/p>\n\n\n\n<p>Con la llegada de la primavera, los osos polares se trasladan a tierra firme y ayunan durante todo el verano, esperando el regreso del hielo para reanudar la caza. Sin embargo, debido al cambio clim\u00e1tico, esta regi\u00f3n ya se ha calentado m\u00e1s de un grado en comparaci\u00f3n con la era preindustrial, y el per\u00edodo sin hielo ha aumentado de 120 a m\u00e1s de 150 d\u00edas.<\/p>\n\n\n\n<p>Los cient\u00edficos advierten que si el calentamiento global supera los 2,1 grados, el per\u00edodo sin hielo podr\u00eda extenderse m\u00e1s all\u00e1 de los 183 d\u00edas en la zona oeste de la bah\u00eda, lo que superar\u00eda el l\u00edmite m\u00e1ximo de ayuno que los osos polares adultos pueden soportar. Esto tambi\u00e9n afectar\u00eda la capacidad reproductiva de los osos, poniendo en riesgo su supervivencia.<\/p>\n\n\n\n<p>Adem\u00e1s, el cambio clim\u00e1tico est\u00e1 alterando el ecosistema del \u00c1rtico y Sub\u00e1rtico, reemplazando las nevadas con lluvias, lo que dificulta que los osos polares y las focas construyan madrigueras para sus cr\u00edas. Tambi\u00e9n afecta a los carib\u00fas y morsas, que dependen del hielo para viajar.<\/p>\n\n\n\n<p>\u201cSi no se reducen dr\u00e1sticamente las emisiones en la pr\u00f3xima d\u00e9cada, la desaparici\u00f3n de los osos polares del sur de la bah\u00eda de Hudson es inminente, y el oeste seguir\u00e1 el mismo camino\u201d, advirti\u00f3 Alex Crawford, investigador de la Universidad de Manitoba y uno de los autores del estudio.<\/p>\n","protected":false},"excerpt":{"rendered":"<p>12 de JUNIO 2024 La poblaci\u00f3n de osos polares en la bah\u00eda de Hudson, ubicada en la costa nordeste del \u00c1rtico canadiense, podr\u00eda enfrentarse a una desaparici\u00f3n inminente si no se logra limitar el aumento de la temperatura del planeta a 2 grados antes del 2030. Esta advertencia proviene del estudio cient\u00edfico m\u00e1s exhaustivo hasta [&hellip;]<\/p>\n","protected":false},"author":1,"featured_media":2900,"comment_status":"open","ping_status":"open","sticky":false,"template":"","format":"standard","meta":{"footnotes":""},"categories":[11],"tags":[],"class_list":["post-2899","post","type-post","status-publish","format-standard","has-post-thumbnail","hentry","category-mundo"],"blog_post_layout_featured_media_urls":{"thumbnail":["https:\/\/elregionaldigital.info\/wp-content\/uploads\/2024\/06\/nationalgeographic2660694-150x150.jpg",150,150,true],"full":["https:\/\/elregionaldigital.info\/wp-content\/uploads\/2024\/06\/nationalgeographic2660694.jpg",1600,900,false]},"categories_names":{"11":{"name":"Mundo","link":"https:\/\/elregionaldigital.info\/?cat=11"}},"tags_names":[],"comments_number":"0","wpmagazine_modules_lite_featured_media_urls":{"thumbnail":["https:\/\/elregionaldigital.info\/wp-content\/uploads\/2024\/06\/nationalgeographic2660694-150x150.jpg",150,150,true],"cvmm-medium":["https:\/\/elregionaldigital.info\/wp-content\/uploads\/2024\/06\/nationalgeographic2660694-300x300.jpg",300,300,true],"cvmm-medium-plus":["https:\/\/elregionaldigital.info\/wp-content\/uploads\/2024\/06\/nationalgeographic2660694-305x207.jpg",305,207,true],"cvmm-portrait":["https:\/\/elregionaldigital.info\/wp-content\/uploads\/2024\/06\/nationalgeographic2660694-400x600.jpg",400,600,true],"cvmm-medium-square":["https:\/\/elregionaldigital.info\/wp-content\/uploads\/2024\/06\/nationalgeographic2660694-600x600.jpg",600,600,true],"cvmm-large":["https:\/\/elregionaldigital.info\/wp-content\/uploads\/2024\/06\/nationalgeographic2660694-1024x900.jpg",1024,900,true],"cvmm-small":["https:\/\/elregionaldigital.info\/wp-content\/uploads\/2024\/06\/nationalgeographic2660694-130x95.jpg",130,95,true],"full":["https:\/\/elregionaldigital.info\/wp-content\/uploads\/2024\/06\/nationalgeographic2660694.jpg",1600,900,false]},"_links":{"self":[{"href":"https:\/\/elregionaldigital.info\/index.php?rest_route=\/wp\/v2\/posts\/2899","targetHints":{"allow":["GET"]}}],"collection":[{"href":"https:\/\/elregionaldigital.info\/index.php?rest_route=\/wp\/v2\/posts"}],"about":[{"href":"https:\/\/elregionaldigital.info\/index.php?rest_route=\/wp\/v2\/types\/post"}],"author":[{"embeddable":true,"href":"https:\/\/elregionaldigital.info\/index.php?rest_route=\/wp\/v2\/users\/1"}],"replies":[{"embeddable":true,"href":"https:\/\/elregionaldigital.info\/index.php?rest_route=%2Fwp%2Fv2%2Fcomments&post=2899"}],"version-history":[{"count":1,"href":"https:\/\/elregionaldigital.info\/index.php?rest_route=\/wp\/v2\/posts\/2899\/revisions"}],"predecessor-version":[{"id":2901,"href":"https:\/\/elregionaldigital.info\/index.php?rest_route=\/wp\/v2\/posts\/2899\/revisions\/2901"}],"wp:featuredmedia":[{"embeddable":true,"href":"https:\/\/elregionaldigital.info\/index.php?rest_route=\/wp\/v2\/media\/2900"}],"wp:attachment":[{"href":"https:\/\/elregionaldigital.info\/index.php?rest_route=%2Fwp%2Fv2%2Fmedia&parent=2899"}],"wp:term":[{"taxonomy":"category","embeddable":true,"href":"https:\/\/elregionaldigital.info\/index.php?rest_route=%2Fwp%2Fv2%2Fcategories&post=2899"},{"taxonomy":"post_tag","embeddable":true,"href":"https:\/\/elregionaldigital.info\/index.php?rest_route=%2Fwp%2Fv2%2Ftags&post=2899"}],"curies":[{"name":"wp","href":"https:\/\/api.w.org\/{rel}","templated":true}]}}