{"id":2893,"date":"2024-06-22T18:01:33","date_gmt":"2024-06-22T18:01:33","guid":{"rendered":"http:\/\/elregionaldigital.info\/?p=2893"},"modified":"2024-06-26T18:02:46","modified_gmt":"2024-06-26T18:02:46","slug":"temblor-de-magnitud-5-se-siente-en-arequipa-peru","status":"publish","type":"post","link":"https:\/\/elregionaldigital.info\/?p=2893","title":{"rendered":"Temblor de magnitud 5 se siente en Arequipa, Per\u00fa"},"content":{"rendered":"\n<p>22 de junio 2024<a href=\"https:\/\/laverdad.com.mx\/wp-content\/uploads\/2024\/06\/sismo1.jpg\"><\/a><\/p>\n\n\n\n<p>Un sismo de magnitud 5 se sinti\u00f3 durante la madrugada de este s\u00e1bado en la regi\u00f3n de Arequipa, en el sur de Per\u00fa, sin que se reporten da\u00f1os personales o materiales. El Instituto Geof\u00edsico del Per\u00fa (IGP) inform\u00f3 que el movimiento tel\u00farico se produjo a las 2:26 horas (07:26 GMT) y tuvo su epicentro en el oc\u00e9ano Pac\u00edfico, a 40 kil\u00f3metros al sur del distrito costero de Yauca, en la provincia de Caravel\u00ed.<\/p>\n\n\n\n<p>El IGP estableci\u00f3 que el sismo tuvo una profundidad de 36 kil\u00f3metros y que se sinti\u00f3 en Yauca con una intensidad de IV en la escala modificada de Mercalli. Afortunadamente, las autoridades locales no han reportado da\u00f1os personales o materiales.<\/p>\n\n\n\n<p>La Direcci\u00f3n de Hidrograf\u00eda y Navegaci\u00f3n de la Marina de Guerra de Per\u00fa tambi\u00e9n confirm\u00f3 que el movimiento tel\u00farico no gener\u00f3 una alerta de tsunami en el litoral del pa\u00eds.<\/p>\n\n\n\n<p>El Centro de Operaciones de Emergencia Nacional (COEN) reiter\u00f3 las recomendaciones de seguridad a la ciudadan\u00eda y pidi\u00f3 a las autoridades locales que las difundan a trav\u00e9s de los medios de comunicaci\u00f3n.<\/p>\n\n\n\n<p>Per\u00fa est\u00e1 ubicado en el Cintur\u00f3n de Fuego del Pac\u00edfico, una regi\u00f3n conocida por su alta actividad s\u00edsmica, donde se produce m\u00e1s del 80 % de los sismos del mundo. El \u00faltimo terremoto devastador en el pa\u00eds ocurri\u00f3 en agosto de 2007 frente a la ciudad costera de Pisco, con una magnitud de 7.9, causando m\u00e1s de 500 fallecidos y millonarias p\u00e9rdidas en infraestructura y viviendas<\/p>\n","protected":false},"excerpt":{"rendered":"<p>22 de junio 2024 Un sismo de magnitud 5 se sinti\u00f3 durante la madrugada de este s\u00e1bado en la regi\u00f3n de Arequipa, en el sur de Per\u00fa, sin que se reporten da\u00f1os personales o materiales. El Instituto Geof\u00edsico del Per\u00fa (IGP) inform\u00f3 que el movimiento tel\u00farico se produjo a las 2:26 horas (07:26 GMT) y [&hellip;]<\/p>\n","protected":false},"author":1,"featured_media":2894,"comment_status":"open","ping_status":"open","sticky":false,"template":"","format":"standard","meta":{"footnotes":""},"categories":[11],"tags":[],"class_list":["post-2893","post","type-post","status-publish","format-standard","has-post-thumbnail","hentry","category-mundo"],"blog_post_layout_featured_media_urls":{"thumbnail":["https:\/\/elregionaldigital.info\/wp-content\/uploads\/2024\/06\/S_PR-150x150.jpg",150,150,true],"full":["https:\/\/elregionaldigital.info\/wp-content\/uploads\/2024\/06\/S_PR.jpg",1230,820,false]},"categories_names":{"11":{"name":"Mundo","link":"https:\/\/elregionaldigital.info\/?cat=11"}},"tags_names":[],"comments_number":"0","wpmagazine_modules_lite_featured_media_urls":{"thumbnail":["https:\/\/elregionaldigital.info\/wp-content\/uploads\/2024\/06\/S_PR-150x150.jpg",150,150,true],"cvmm-medium":["https:\/\/elregionaldigital.info\/wp-content\/uploads\/2024\/06\/S_PR-300x300.jpg",300,300,true],"cvmm-medium-plus":["https:\/\/elregionaldigital.info\/wp-content\/uploads\/2024\/06\/S_PR-305x207.jpg",305,207,true],"cvmm-portrait":["https:\/\/elregionaldigital.info\/wp-content\/uploads\/2024\/06\/S_PR-400x600.jpg",400,600,true],"cvmm-medium-square":["https:\/\/elregionaldigital.info\/wp-content\/uploads\/2024\/06\/S_PR-600x600.jpg",600,600,true],"cvmm-large":["https:\/\/elregionaldigital.info\/wp-content\/uploads\/2024\/06\/S_PR-1024x820.jpg",1024,820,true],"cvmm-small":["https:\/\/elregionaldigital.info\/wp-content\/uploads\/2024\/06\/S_PR-130x95.jpg",130,95,true],"full":["https:\/\/elregionaldigital.info\/wp-content\/uploads\/2024\/06\/S_PR.jpg",1230,820,false]},"_links":{"self":[{"href":"https:\/\/elregionaldigital.info\/index.php?rest_route=\/wp\/v2\/posts\/2893","targetHints":{"allow":["GET"]}}],"collection":[{"href":"https:\/\/elregionaldigital.info\/index.php?rest_route=\/wp\/v2\/posts"}],"about":[{"href":"https:\/\/elregionaldigital.info\/index.php?rest_route=\/wp\/v2\/types\/post"}],"author":[{"embeddable":true,"href":"https:\/\/elregionaldigital.info\/index.php?rest_route=\/wp\/v2\/users\/1"}],"replies":[{"embeddable":true,"href":"https:\/\/elregionaldigital.info\/index.php?rest_route=%2Fwp%2Fv2%2Fcomments&post=2893"}],"version-history":[{"count":1,"href":"https:\/\/elregionaldigital.info\/index.php?rest_route=\/wp\/v2\/posts\/2893\/revisions"}],"predecessor-version":[{"id":2895,"href":"https:\/\/elregionaldigital.info\/index.php?rest_route=\/wp\/v2\/posts\/2893\/revisions\/2895"}],"wp:featuredmedia":[{"embeddable":true,"href":"https:\/\/elregionaldigital.info\/index.php?rest_route=\/wp\/v2\/media\/2894"}],"wp:attachment":[{"href":"https:\/\/elregionaldigital.info\/index.php?rest_route=%2Fwp%2Fv2%2Fmedia&parent=2893"}],"wp:term":[{"taxonomy":"category","embeddable":true,"href":"https:\/\/elregionaldigital.info\/index.php?rest_route=%2Fwp%2Fv2%2Fcategories&post=2893"},{"taxonomy":"post_tag","embeddable":true,"href":"https:\/\/elregionaldigital.info\/index.php?rest_route=%2Fwp%2Fv2%2Ftags&post=2893"}],"curies":[{"name":"wp","href":"https:\/\/api.w.org\/{rel}","templated":true}]}}