{"id":2887,"date":"2024-06-16T17:55:19","date_gmt":"2024-06-16T17:55:19","guid":{"rendered":"http:\/\/elregionaldigital.info\/?p=2887"},"modified":"2024-06-26T17:56:34","modified_gmt":"2024-06-26T17:56:34","slug":"arqueros-mexicanos-ganan-oro-en-turquia-y-clasifican-a-paris-2024","status":"publish","type":"post","link":"https:\/\/elregionaldigital.info\/?p=2887","title":{"rendered":"Arqueros mexicanos ganan oro en Turqu\u00eda y clasifican a Paris 2024"},"content":{"rendered":"\n<p>16 de JUNIO 2024<a href=\"https:\/\/laverdad.com.mx\/wp-content\/uploads\/2024\/06\/equipo-varonil-mexico-tiro-con-arco-recurvo.webp\"><\/a><\/p>\n\n\n\n<p>En una jornada memorable para el tiro con arco mexicano, el equipo varonil de tiro con arco recurvo logr\u00f3 su clasificaci\u00f3n a los Juegos Ol\u00edmpicos de Par\u00eds 2024. Mat\u00edas Grande, Javier Rojas y Bruno Mart\u00ednez destacaron en el \u00faltimo Preol\u00edmpico Mundial de la disciplina, celebrado en Antalya, Turqu\u00eda, asegurando una de las tres plazas ol\u00edmpicas disponibles y coron\u00e1ndose con la medalla de oro.<\/p>\n\n\n\n<p>La actuaci\u00f3n del tr\u00edo azteca fue un despliegue de temple y habilidad. Durante la ronda clasificatoria, los mexicanos alcanzaron el octavo puesto general con 1974 puntos, lo que les permiti\u00f3 evitar la primera fase eliminatoria.<\/p>\n\n\n\n<p>En su primer enfrentamiento eliminatorio, M\u00e9xico se midi\u00f3 contra Espa\u00f1a, representada por Pablo Acha, Andr\u00e9s Temi\u00f1o y Ken S\u00e1nchez. Aunque los espa\u00f1oles ganaron el primer set 55-54, los mexicanos respondieron con fuerza, ganando los siguientes sets y asegurando una victoria de 6-2.<\/p>\n\n\n\n<p>El enfrentamiento m\u00e1s dram\u00e1tico del d\u00eda fue en los cuartos de final contra India. Los arqueros indios, Dhiraj Bommaderava, Tarundeep Rai y Pravin Jadhav, se adelantaron al ganar los dos primeros sets. Sin embargo, Grande, Rojas y Mart\u00ednez demostraron una notable capacidad de recuperaci\u00f3n, igualando el marcador 4-4 y finalmente triunfando en una emocionante ronda de flechas de oro.<\/p>\n\n\n\n<p>El partido decisivo para el boleto ol\u00edmpico fue contra el equipo de Gran Breta\u00f1a, compuesto por Alex Wise, Tom Hall y Conor Hall. Los brit\u00e1nicos comenzaron con fuerza, ganando el primer set, pero los mexicanos nuevamente remontaron para ganar 6-2, asegurando as\u00ed su lugar en Par\u00eds 2024.<\/p>\n\n\n\n<p>El broche de oro para el equipo mexicano lleg\u00f3 en la final contra China Taip\u00e9i, con Tang Chih, Tai Yu y Lin Zih. En esta ocasi\u00f3n, Grande, Rojas y Mart\u00ednez dominaron el encuentro, ganando 5-1 y subiendo a lo m\u00e1s alto del podio en Antalya.<\/p>\n\n\n\n<p>Este logro no solo asegura la participaci\u00f3n del equipo varonil en los pr\u00f3ximos Juegos Ol\u00edmpicos, sino que tambi\u00e9n complementa la clasificaci\u00f3n lograda por el equipo femenil mexicano el a\u00f1o pasado en el Campeonato Mundial de Berl\u00edn, asegurando as\u00ed la presencia completa de M\u00e9xico en la competencia de tiro con arco en Par\u00eds 2024.<\/p>\n\n\n\n<p><strong>En resumen<\/strong>, los arqueros mexicanos Mat\u00edas Grande, Javier Rojas y Bruno Mart\u00ednez han demostrado su excelencia y resiliencia, clasific\u00e1ndose para los Juegos Ol\u00edmpicos de Par\u00eds 2024 y ganando el oro en el Preol\u00edmpico Mundial en Turqu\u00eda, consolidando a M\u00e9xico como una fuerza a tener en cuenta en el tiro con arco internacional.<\/p>\n","protected":false},"excerpt":{"rendered":"<p>16 de JUNIO 2024 En una jornada memorable para el tiro con arco mexicano, el equipo varonil de tiro con arco recurvo logr\u00f3 su clasificaci\u00f3n a los Juegos Ol\u00edmpicos de Par\u00eds 2024. Mat\u00edas Grande, Javier Rojas y Bruno Mart\u00ednez destacaron en el \u00faltimo Preol\u00edmpico Mundial de la disciplina, celebrado en Antalya, Turqu\u00eda, asegurando una de [&hellip;]<\/p>\n","protected":false},"author":1,"featured_media":2888,"comment_status":"open","ping_status":"open","sticky":false,"template":"","format":"standard","meta":{"footnotes":""},"categories":[6],"tags":[],"class_list":["post-2887","post","type-post","status-publish","format-standard","has-post-thumbnail","hentry","category-deportes"],"blog_post_layout_featured_media_urls":{"thumbnail":["https:\/\/elregionaldigital.info\/wp-content\/uploads\/2024\/06\/equipo-varonil-mexico-tiro-con-arco-recurvo-750x500-1-150x150.webp",150,150,true],"full":["https:\/\/elregionaldigital.info\/wp-content\/uploads\/2024\/06\/equipo-varonil-mexico-tiro-con-arco-recurvo-750x500-1.webp",750,500,false]},"categories_names":{"6":{"name":"Deportes","link":"https:\/\/elregionaldigital.info\/?cat=6"}},"tags_names":[],"comments_number":"0","wpmagazine_modules_lite_featured_media_urls":{"thumbnail":["https:\/\/elregionaldigital.info\/wp-content\/uploads\/2024\/06\/equipo-varonil-mexico-tiro-con-arco-recurvo-750x500-1-150x150.webp",150,150,true],"cvmm-medium":["https:\/\/elregionaldigital.info\/wp-content\/uploads\/2024\/06\/equipo-varonil-mexico-tiro-con-arco-recurvo-750x500-1-300x300.webp",300,300,true],"cvmm-medium-plus":["https:\/\/elregionaldigital.info\/wp-content\/uploads\/2024\/06\/equipo-varonil-mexico-tiro-con-arco-recurvo-750x500-1-305x207.webp",305,207,true],"cvmm-portrait":["https:\/\/elregionaldigital.info\/wp-content\/uploads\/2024\/06\/equipo-varonil-mexico-tiro-con-arco-recurvo-750x500-1-400x500.webp",400,500,true],"cvmm-medium-square":["https:\/\/elregionaldigital.info\/wp-content\/uploads\/2024\/06\/equipo-varonil-mexico-tiro-con-arco-recurvo-750x500-1-600x500.webp",600,500,true],"cvmm-large":["https:\/\/elregionaldigital.info\/wp-content\/uploads\/2024\/06\/equipo-varonil-mexico-tiro-con-arco-recurvo-750x500-1.webp",750,500,false],"cvmm-small":["https:\/\/elregionaldigital.info\/wp-content\/uploads\/2024\/06\/equipo-varonil-mexico-tiro-con-arco-recurvo-750x500-1-130x95.webp",130,95,true],"full":["https:\/\/elregionaldigital.info\/wp-content\/uploads\/2024\/06\/equipo-varonil-mexico-tiro-con-arco-recurvo-750x500-1.webp",750,500,false]},"_links":{"self":[{"href":"https:\/\/elregionaldigital.info\/index.php?rest_route=\/wp\/v2\/posts\/2887","targetHints":{"allow":["GET"]}}],"collection":[{"href":"https:\/\/elregionaldigital.info\/index.php?rest_route=\/wp\/v2\/posts"}],"about":[{"href":"https:\/\/elregionaldigital.info\/index.php?rest_route=\/wp\/v2\/types\/post"}],"author":[{"embeddable":true,"href":"https:\/\/elregionaldigital.info\/index.php?rest_route=\/wp\/v2\/users\/1"}],"replies":[{"embeddable":true,"href":"https:\/\/elregionaldigital.info\/index.php?rest_route=%2Fwp%2Fv2%2Fcomments&post=2887"}],"version-history":[{"count":1,"href":"https:\/\/elregionaldigital.info\/index.php?rest_route=\/wp\/v2\/posts\/2887\/revisions"}],"predecessor-version":[{"id":2889,"href":"https:\/\/elregionaldigital.info\/index.php?rest_route=\/wp\/v2\/posts\/2887\/revisions\/2889"}],"wp:featuredmedia":[{"embeddable":true,"href":"https:\/\/elregionaldigital.info\/index.php?rest_route=\/wp\/v2\/media\/2888"}],"wp:attachment":[{"href":"https:\/\/elregionaldigital.info\/index.php?rest_route=%2Fwp%2Fv2%2Fmedia&parent=2887"}],"wp:term":[{"taxonomy":"category","embeddable":true,"href":"https:\/\/elregionaldigital.info\/index.php?rest_route=%2Fwp%2Fv2%2Fcategories&post=2887"},{"taxonomy":"post_tag","embeddable":true,"href":"https:\/\/elregionaldigital.info\/index.php?rest_route=%2Fwp%2Fv2%2Ftags&post=2887"}],"curies":[{"name":"wp","href":"https:\/\/api.w.org\/{rel}","templated":true}]}}