{"id":2884,"date":"2024-06-21T17:52:53","date_gmt":"2024-06-21T17:52:53","guid":{"rendered":"http:\/\/elregionaldigital.info\/?p=2884"},"modified":"2024-06-26T17:54:34","modified_gmt":"2024-06-26T17:54:34","slug":"chile-empata-con-peru-0-0-en-la-copa-america-diego-valdes-lesionado","status":"publish","type":"post","link":"https:\/\/elregionaldigital.info\/?p=2884","title":{"rendered":"Chile empata con Per\u00fa 0-0 en la Copa Am\u00e9rica; Diego Vald\u00e9s lesionado"},"content":{"rendered":"\n<p>21 de junio 2024<\/p>\n\n\n\n<p>Chile dej\u00f3 escapar la victoria ante Per\u00fa en la Jornada 1 de la Copa Am\u00e9rica 2024 y quedaron igualados sin anotaciones (0-0) en el partido que cerr\u00f3 la actividad del Grupo A; Diego Vald\u00e9s sali\u00f3 lesionado del encuentro.<\/p>\n\n\n\n<p>El encuentro llevado a cabo en el AT&amp;T Stadium, Chile y Per\u00fa cerraron la Jornada 1 en el Grupo A, donde la escuadra \u2018andina\u2019 tom\u00f3 los hilos del encuentro.<\/p>\n\n\n\n<p>Alexis S\u00e1nchez ser\u00eda el primero en quedar frente al arco rival para poner a Chile por delante en el \u2018Cl\u00e1sico del Pac\u00edfico\u2019 sin embargo, el \u2018Ni\u00f1o Maravilla\u2019 envi\u00f3 su intento por arriba del arco de Pedro Gallese (15\u2019) cuando parec\u00eda que estaba destinado a estremecer las redes peruanas.<\/p>\n\n\n\n<p>Ser\u00eda el mismo \u201910\u2032 chileno quien minutos m\u00e1s tarde se pondr\u00eda de frente al arco \u2018inca\u2019, solo que su intento se marchar\u00eda -de nueva cuenta- por encima del arco peruano.<\/p>\n\n\n\n<p>La respuesta por parte de los dirigidos de Jorge Fossati llegar\u00eda al 42\u2019, cuando lleg\u00f3 un centro al \u00e1rea para que Miguel Araujo rematara y Claudio Bravo controlara sin problemas; Chile se ir\u00eda al descanso con preocupaci\u00f3n, ya que Diego Vald\u00e9s saldr\u00eda del terreno de juego por una lesi\u00f3n muscular.<\/p>\n\n\n\n<p>Para la parte complementaria, ambos conjuntos realizaron modificaciones en busca del gol que los pusiera como l\u00edderes de grupo junto a la Argentina de Lionel Messi, sin embargo, ninguna de las dos escuadras podr\u00eda hacerse presente en el marcador, igualando 0-0.<\/p>\n\n\n\n<p>El siguiente encuentro que disputar\u00e1n ambas selecciones en la Copa Am\u00e9rica 2024 ser\u00e1 el martes 25 de junio. Per\u00fa se enfrentar\u00e1 a Canad\u00e1 a las 16:00 horas y Chile har\u00e1 lo propio ante Argentina a las 19:00 (tiempo del Centro de la Ciudad de M\u00e9xico).<\/p>\n","protected":false},"excerpt":{"rendered":"<p>21 de junio 2024 Chile dej\u00f3 escapar la victoria ante Per\u00fa en la Jornada 1 de la Copa Am\u00e9rica 2024 y quedaron igualados sin anotaciones (0-0) en el partido que cerr\u00f3 la actividad del Grupo A; Diego Vald\u00e9s sali\u00f3 lesionado del encuentro. El encuentro llevado a cabo en el AT&amp;T Stadium, Chile y Per\u00fa cerraron [&hellip;]<\/p>\n","protected":false},"author":1,"featured_media":2885,"comment_status":"open","ping_status":"open","sticky":false,"template":"","format":"standard","meta":{"footnotes":""},"categories":[6],"tags":[],"class_list":["post-2884","post","type-post","status-publish","format-standard","has-post-thumbnail","hentry","category-deportes"],"blog_post_layout_featured_media_urls":{"thumbnail":["https:\/\/elregionaldigital.info\/wp-content\/uploads\/2024\/06\/chile-peru-copa-america-150x150.webp",150,150,true],"full":["https:\/\/elregionaldigital.info\/wp-content\/uploads\/2024\/06\/chile-peru-copa-america.webp",1200,800,false]},"categories_names":{"6":{"name":"Deportes","link":"https:\/\/elregionaldigital.info\/?cat=6"}},"tags_names":[],"comments_number":"0","wpmagazine_modules_lite_featured_media_urls":{"thumbnail":["https:\/\/elregionaldigital.info\/wp-content\/uploads\/2024\/06\/chile-peru-copa-america-150x150.webp",150,150,true],"cvmm-medium":["https:\/\/elregionaldigital.info\/wp-content\/uploads\/2024\/06\/chile-peru-copa-america-300x300.webp",300,300,true],"cvmm-medium-plus":["https:\/\/elregionaldigital.info\/wp-content\/uploads\/2024\/06\/chile-peru-copa-america-305x207.webp",305,207,true],"cvmm-portrait":["https:\/\/elregionaldigital.info\/wp-content\/uploads\/2024\/06\/chile-peru-copa-america-400x600.webp",400,600,true],"cvmm-medium-square":["https:\/\/elregionaldigital.info\/wp-content\/uploads\/2024\/06\/chile-peru-copa-america-600x600.webp",600,600,true],"cvmm-large":["https:\/\/elregionaldigital.info\/wp-content\/uploads\/2024\/06\/chile-peru-copa-america-1024x800.webp",1024,800,true],"cvmm-small":["https:\/\/elregionaldigital.info\/wp-content\/uploads\/2024\/06\/chile-peru-copa-america-130x95.webp",130,95,true],"full":["https:\/\/elregionaldigital.info\/wp-content\/uploads\/2024\/06\/chile-peru-copa-america.webp",1200,800,false]},"_links":{"self":[{"href":"https:\/\/elregionaldigital.info\/index.php?rest_route=\/wp\/v2\/posts\/2884","targetHints":{"allow":["GET"]}}],"collection":[{"href":"https:\/\/elregionaldigital.info\/index.php?rest_route=\/wp\/v2\/posts"}],"about":[{"href":"https:\/\/elregionaldigital.info\/index.php?rest_route=\/wp\/v2\/types\/post"}],"author":[{"embeddable":true,"href":"https:\/\/elregionaldigital.info\/index.php?rest_route=\/wp\/v2\/users\/1"}],"replies":[{"embeddable":true,"href":"https:\/\/elregionaldigital.info\/index.php?rest_route=%2Fwp%2Fv2%2Fcomments&post=2884"}],"version-history":[{"count":1,"href":"https:\/\/elregionaldigital.info\/index.php?rest_route=\/wp\/v2\/posts\/2884\/revisions"}],"predecessor-version":[{"id":2886,"href":"https:\/\/elregionaldigital.info\/index.php?rest_route=\/wp\/v2\/posts\/2884\/revisions\/2886"}],"wp:featuredmedia":[{"embeddable":true,"href":"https:\/\/elregionaldigital.info\/index.php?rest_route=\/wp\/v2\/media\/2885"}],"wp:attachment":[{"href":"https:\/\/elregionaldigital.info\/index.php?rest_route=%2Fwp%2Fv2%2Fmedia&parent=2884"}],"wp:term":[{"taxonomy":"category","embeddable":true,"href":"https:\/\/elregionaldigital.info\/index.php?rest_route=%2Fwp%2Fv2%2Fcategories&post=2884"},{"taxonomy":"post_tag","embeddable":true,"href":"https:\/\/elregionaldigital.info\/index.php?rest_route=%2Fwp%2Fv2%2Ftags&post=2884"}],"curies":[{"name":"wp","href":"https:\/\/api.w.org\/{rel}","templated":true}]}}