{"id":2881,"date":"2024-06-02T17:50:30","date_gmt":"2024-06-02T17:50:30","guid":{"rendered":"http:\/\/elregionaldigital.info\/?p=2881"},"modified":"2024-06-26T17:51:27","modified_gmt":"2024-06-26T17:51:27","slug":"asiste-gobernador-ala-ceremonia-por-el-82-aniversario-del-dia-de-la-marina-nacional","status":"publish","type":"post","link":"https:\/\/elregionaldigital.info\/?p=2881","title":{"rendered":"Asiste Gobernador ala ceremonia por el 82\u00b0 Aniversario del Dia de la Marina Nacional"},"content":{"rendered":"\n<p>02 de Junio 2024<\/p>\n\n\n\n<p>El d\u00eda de ayer se realiz\u00f3 un evento con motivo del 82 aniversario del D\u00eda de la Marina Nacional, el Gobernador Am\u00e9rico Villarreal Anaya, junto al Vicealmirante Carlos Eduardo L\u2019Egliese Escamilla comandante de la Primera Regi\u00f3n Naval, reconocieron la contribuci\u00f3n de los marinos a la independencia y soberan\u00eda nacional y su participaci\u00f3n en las tareas para el fortalecimiento de la seguridad y desarrollo en nuestro estado, tambi\u00e9n entregaron reconocimientos y ascensos de grados, adem\u00e1s rindieron homenaje a los marinos ca\u00eddos en cumplimiento de su deber.<\/p>\n","protected":false},"excerpt":{"rendered":"<p>02 de Junio 2024 El d\u00eda de ayer se realiz\u00f3 un evento con motivo del 82 aniversario del D\u00eda de la Marina Nacional, el Gobernador Am\u00e9rico Villarreal Anaya, junto al Vicealmirante Carlos Eduardo L\u2019Egliese Escamilla comandante de la Primera Regi\u00f3n Naval, reconocieron la contribuci\u00f3n de los marinos a la independencia y soberan\u00eda nacional y su [&hellip;]<\/p>\n","protected":false},"author":1,"featured_media":2882,"comment_status":"open","ping_status":"open","sticky":false,"template":"","format":"standard","meta":{"footnotes":""},"categories":[2],"tags":[],"class_list":["post-2881","post","type-post","status-publish","format-standard","has-post-thumbnail","hentry","category-tamaulipas"],"blog_post_layout_featured_media_urls":{"thumbnail":["https:\/\/elregionaldigital.info\/wp-content\/uploads\/2024\/06\/447282510_890150659824293_9149498039867850549_n-1024x682-1-150x150.jpg",150,150,true],"full":["https:\/\/elregionaldigital.info\/wp-content\/uploads\/2024\/06\/447282510_890150659824293_9149498039867850549_n-1024x682-1.jpg",1024,682,false]},"categories_names":{"2":{"name":"Tamaulipas","link":"https:\/\/elregionaldigital.info\/?cat=2"}},"tags_names":[],"comments_number":"0","wpmagazine_modules_lite_featured_media_urls":{"thumbnail":["https:\/\/elregionaldigital.info\/wp-content\/uploads\/2024\/06\/447282510_890150659824293_9149498039867850549_n-1024x682-1-150x150.jpg",150,150,true],"cvmm-medium":["https:\/\/elregionaldigital.info\/wp-content\/uploads\/2024\/06\/447282510_890150659824293_9149498039867850549_n-1024x682-1-300x300.jpg",300,300,true],"cvmm-medium-plus":["https:\/\/elregionaldigital.info\/wp-content\/uploads\/2024\/06\/447282510_890150659824293_9149498039867850549_n-1024x682-1-305x207.jpg",305,207,true],"cvmm-portrait":["https:\/\/elregionaldigital.info\/wp-content\/uploads\/2024\/06\/447282510_890150659824293_9149498039867850549_n-1024x682-1-400x600.jpg",400,600,true],"cvmm-medium-square":["https:\/\/elregionaldigital.info\/wp-content\/uploads\/2024\/06\/447282510_890150659824293_9149498039867850549_n-1024x682-1-600x600.jpg",600,600,true],"cvmm-large":["https:\/\/elregionaldigital.info\/wp-content\/uploads\/2024\/06\/447282510_890150659824293_9149498039867850549_n-1024x682-1.jpg",1024,682,false],"cvmm-small":["https:\/\/elregionaldigital.info\/wp-content\/uploads\/2024\/06\/447282510_890150659824293_9149498039867850549_n-1024x682-1-130x95.jpg",130,95,true],"full":["https:\/\/elregionaldigital.info\/wp-content\/uploads\/2024\/06\/447282510_890150659824293_9149498039867850549_n-1024x682-1.jpg",1024,682,false]},"_links":{"self":[{"href":"https:\/\/elregionaldigital.info\/index.php?rest_route=\/wp\/v2\/posts\/2881","targetHints":{"allow":["GET"]}}],"collection":[{"href":"https:\/\/elregionaldigital.info\/index.php?rest_route=\/wp\/v2\/posts"}],"about":[{"href":"https:\/\/elregionaldigital.info\/index.php?rest_route=\/wp\/v2\/types\/post"}],"author":[{"embeddable":true,"href":"https:\/\/elregionaldigital.info\/index.php?rest_route=\/wp\/v2\/users\/1"}],"replies":[{"embeddable":true,"href":"https:\/\/elregionaldigital.info\/index.php?rest_route=%2Fwp%2Fv2%2Fcomments&post=2881"}],"version-history":[{"count":1,"href":"https:\/\/elregionaldigital.info\/index.php?rest_route=\/wp\/v2\/posts\/2881\/revisions"}],"predecessor-version":[{"id":2883,"href":"https:\/\/elregionaldigital.info\/index.php?rest_route=\/wp\/v2\/posts\/2881\/revisions\/2883"}],"wp:featuredmedia":[{"embeddable":true,"href":"https:\/\/elregionaldigital.info\/index.php?rest_route=\/wp\/v2\/media\/2882"}],"wp:attachment":[{"href":"https:\/\/elregionaldigital.info\/index.php?rest_route=%2Fwp%2Fv2%2Fmedia&parent=2881"}],"wp:term":[{"taxonomy":"category","embeddable":true,"href":"https:\/\/elregionaldigital.info\/index.php?rest_route=%2Fwp%2Fv2%2Fcategories&post=2881"},{"taxonomy":"post_tag","embeddable":true,"href":"https:\/\/elregionaldigital.info\/index.php?rest_route=%2Fwp%2Fv2%2Ftags&post=2881"}],"curies":[{"name":"wp","href":"https:\/\/api.w.org\/{rel}","templated":true}]}}