{"id":2872,"date":"2024-06-23T17:44:00","date_gmt":"2024-06-23T17:44:00","guid":{"rendered":"http:\/\/elregionaldigital.info\/?p=2872"},"modified":"2024-06-26T17:44:45","modified_gmt":"2024-06-26T17:44:45","slug":"trabajamos-para-un-mexico-mas-limpio-clausuran-congreso-mexicano-del-petroleo","status":"publish","type":"post","link":"https:\/\/elregionaldigital.info\/?p=2872","title":{"rendered":"TRABAJAMOS PARA UN M\u00c9XICO M\u00c1S LIMPIO; CLAUSURAN CONGRESO MEXICANO DEL PETR\u00d3LEO"},"content":{"rendered":"\n<p>Junio 23 de 2024<\/p>\n\n\n\n<p>Tampico, Tamaulipas. \u2013 Despu\u00e9s de tres d\u00edas de conferencias, paneles y de la asistencia de m\u00e1s de 10 mil congresistas, alumnos y expositores, se dio por concluido el Congreso Mexicano del Petr\u00f3leo en Tamaulipas.<\/p>\n\n\n\n<p>En representaci\u00f3n del gobernador Am\u00e9rico Villarreal, el secretario de Desarrollo Energ\u00e9tico, Jos\u00e9 Ram\u00f3n Silva, fue el encargado de dar clausura a este magno evento que vino a enriquecer la zona sur del estado.<\/p>\n\n\n\n<p>\u201cLes invito a seguir so\u00f1ando en grande y a seguir construyendo un M\u00e9xico energ\u00e9tico y pr\u00f3spero. Vivimos un momento hist\u00f3rico en Tamaulipas para este Congreso ya que \u2018Alberto\u2019 nos dej\u00f3 trabajar intensamente los tres d\u00edas\u201d, coment\u00f3.<\/p>\n\n\n\n<p>\u201cLa industria petrolera no es solo una cuesti\u00f3n de empresas, sino de comunidades, gobiernos y sociedad organizada. Como M\u00e9xico unido debemos trabajar hacia una energ\u00eda m\u00e1s limpia, segura y accesible para todos\u201d, recalc\u00f3.<\/p>\n\n\n\n<p>El Congreso Mexicano del Petr\u00f3leo dej\u00f3 una derrama econ\u00f3mica de m\u00e1s de 123 millones de pesos, adem\u00e1s de ser un puente de conexi\u00f3n de ideas, transformaci\u00f3n digital, informaci\u00f3n e innovaci\u00f3n.<\/p>\n\n\n\n<p>En esta clausura anunciaron que el pr\u00f3ximo Congreso se estar\u00e1 realizando en la ciudad de Acapulco, Guerrero.<\/p>\n","protected":false},"excerpt":{"rendered":"<p>Junio 23 de 2024 Tampico, Tamaulipas. \u2013 Despu\u00e9s de tres d\u00edas de conferencias, paneles y de la asistencia de m\u00e1s de 10 mil congresistas, alumnos y expositores, se dio por concluido el Congreso Mexicano del Petr\u00f3leo en Tamaulipas. En representaci\u00f3n del gobernador Am\u00e9rico Villarreal, el secretario de Desarrollo Energ\u00e9tico, Jos\u00e9 Ram\u00f3n Silva, fue el encargado [&hellip;]<\/p>\n","protected":false},"author":1,"featured_media":2873,"comment_status":"open","ping_status":"open","sticky":false,"template":"","format":"standard","meta":{"footnotes":""},"categories":[2],"tags":[],"class_list":["post-2872","post","type-post","status-publish","format-standard","has-post-thumbnail","hentry","category-tamaulipas"],"blog_post_layout_featured_media_urls":{"thumbnail":["https:\/\/elregionaldigital.info\/wp-content\/uploads\/2024\/06\/congreso-1024x683-1-150x150.jpeg",150,150,true],"full":["https:\/\/elregionaldigital.info\/wp-content\/uploads\/2024\/06\/congreso-1024x683-1.jpeg",1024,683,false]},"categories_names":{"2":{"name":"Tamaulipas","link":"https:\/\/elregionaldigital.info\/?cat=2"}},"tags_names":[],"comments_number":"0","wpmagazine_modules_lite_featured_media_urls":{"thumbnail":["https:\/\/elregionaldigital.info\/wp-content\/uploads\/2024\/06\/congreso-1024x683-1-150x150.jpeg",150,150,true],"cvmm-medium":["https:\/\/elregionaldigital.info\/wp-content\/uploads\/2024\/06\/congreso-1024x683-1-300x300.jpeg",300,300,true],"cvmm-medium-plus":["https:\/\/elregionaldigital.info\/wp-content\/uploads\/2024\/06\/congreso-1024x683-1-305x207.jpeg",305,207,true],"cvmm-portrait":["https:\/\/elregionaldigital.info\/wp-content\/uploads\/2024\/06\/congreso-1024x683-1-400x600.jpeg",400,600,true],"cvmm-medium-square":["https:\/\/elregionaldigital.info\/wp-content\/uploads\/2024\/06\/congreso-1024x683-1-600x600.jpeg",600,600,true],"cvmm-large":["https:\/\/elregionaldigital.info\/wp-content\/uploads\/2024\/06\/congreso-1024x683-1.jpeg",1024,683,false],"cvmm-small":["https:\/\/elregionaldigital.info\/wp-content\/uploads\/2024\/06\/congreso-1024x683-1-130x95.jpeg",130,95,true],"full":["https:\/\/elregionaldigital.info\/wp-content\/uploads\/2024\/06\/congreso-1024x683-1.jpeg",1024,683,false]},"_links":{"self":[{"href":"https:\/\/elregionaldigital.info\/index.php?rest_route=\/wp\/v2\/posts\/2872","targetHints":{"allow":["GET"]}}],"collection":[{"href":"https:\/\/elregionaldigital.info\/index.php?rest_route=\/wp\/v2\/posts"}],"about":[{"href":"https:\/\/elregionaldigital.info\/index.php?rest_route=\/wp\/v2\/types\/post"}],"author":[{"embeddable":true,"href":"https:\/\/elregionaldigital.info\/index.php?rest_route=\/wp\/v2\/users\/1"}],"replies":[{"embeddable":true,"href":"https:\/\/elregionaldigital.info\/index.php?rest_route=%2Fwp%2Fv2%2Fcomments&post=2872"}],"version-history":[{"count":1,"href":"https:\/\/elregionaldigital.info\/index.php?rest_route=\/wp\/v2\/posts\/2872\/revisions"}],"predecessor-version":[{"id":2874,"href":"https:\/\/elregionaldigital.info\/index.php?rest_route=\/wp\/v2\/posts\/2872\/revisions\/2874"}],"wp:featuredmedia":[{"embeddable":true,"href":"https:\/\/elregionaldigital.info\/index.php?rest_route=\/wp\/v2\/media\/2873"}],"wp:attachment":[{"href":"https:\/\/elregionaldigital.info\/index.php?rest_route=%2Fwp%2Fv2%2Fmedia&parent=2872"}],"wp:term":[{"taxonomy":"category","embeddable":true,"href":"https:\/\/elregionaldigital.info\/index.php?rest_route=%2Fwp%2Fv2%2Fcategories&post=2872"},{"taxonomy":"post_tag","embeddable":true,"href":"https:\/\/elregionaldigital.info\/index.php?rest_route=%2Fwp%2Fv2%2Ftags&post=2872"}],"curies":[{"name":"wp","href":"https:\/\/api.w.org\/{rel}","templated":true}]}}