{"id":2860,"date":"2024-06-25T17:34:15","date_gmt":"2024-06-25T17:34:15","guid":{"rendered":"http:\/\/elregionaldigital.info\/?p=2860"},"modified":"2024-06-26T17:35:38","modified_gmt":"2024-06-26T17:35:38","slug":"ministra-loretta-ortiz-admite-a-tramite-impugnacion-por-fondo-de-pensiones","status":"publish","type":"post","link":"https:\/\/elregionaldigital.info\/?p=2860","title":{"rendered":"Ministra Loretta Ortiz admite a tr\u00e1mite impugnaci\u00f3n por Fondo de Pensiones"},"content":{"rendered":"\n<p>25 de junio 2024<\/p>\n\n\n\n<p>La ministra Loretta Ortiz Ahlf, integrante del Pleno de la Suprema Corte de Justicia de la Naci\u00f3n (SCJN), admiti\u00f3 a tr\u00e1mite la acci\u00f3n de inconstitucionalidad 116\/2024, promovida por legisladores de oposici\u00f3n en contra de la reforma promovida por el presidente Andr\u00e9s Manuel L\u00f3pez Obrador para la creaci\u00f3n del Fondo de Pensiones para el Bienestar.<\/p>\n\n\n\n<p>Este martes, en estrados de la Corte, se inform\u00f3 la resoluci\u00f3n de la ministra Ortiz Ahlf para aceptar la impugnaci\u00f3n, para la elaboraci\u00f3n del proyecto respectivo que ser\u00e1 resuelto ante el Pleno del M\u00e1ximo Tribunal.<\/p>\n\n\n\n<p>\u201cVistos el escrito y anexos de quienes se ostentan como Diputadas y Diputados del Congreso de la Uni\u00f3n, mediante los cuales promueven acci\u00f3n de inconstitucionalidad.<\/p>\n\n\n\n<p>\u201cSe tiene por presentados a los promoventes con la personalidad que ostentan, y se admite a tr\u00e1mite la acci\u00f3n de inconstitucionalidad que hacen valer. Se habilitan d\u00edas y horas que se requieran para llevar a cabo la notificaci\u00f3n de este prove\u00eddo\u201d, se indic\u00f3 en el acuerdo.<\/p>\n\n\n\n<p>El pasado viernes 14 de junio, la presidenta de la SCJN, ministra Norma Pi\u00f1a, notific\u00f3 que se daba por admitida la acci\u00f3n de inconstitucionalidad 116\/2024, promovida el mayo pasado por diputados federales de los partidos Acci\u00f3n Nacional (PAN), Revolucionario Institucional (PRI) y de la Revoluci\u00f3n Democr\u00e1tica (PRD).<\/p>\n\n\n\n<p>La impugnaci\u00f3n por parte de los legisladores de oposici\u00f3n es con el objetivo de que el Poder Ejecutivo tome el control de 40 mil millones de pesos, de cuentas del Fondo de Ahorro para el Retiro (Afores) no reclamadas por los trabajadores mayores de 70 a\u00f1os.<\/p>\n\n\n\n<p>El decreto para la creaci\u00f3n del Fondo de Pensiones para el Bienestar se public\u00f3 en el Diario Oficial de la Federaci\u00f3n (DOF), constituido como un fideicomiso p\u00fablico administrado por el Banco de M\u00e9xico.<\/p>\n\n\n\n<p>Los recursos de dicho fondo ser\u00e1n utilizados, por el gobierno Federal, para complementar las pensiones de los trabajadores cuyo monto de jubilaci\u00f3n sea menor o igual al salario promedio mensual de 17 mil 431.4 pesos.<\/p>\n","protected":false},"excerpt":{"rendered":"<p>25 de junio 2024 La ministra Loretta Ortiz Ahlf, integrante del Pleno de la Suprema Corte de Justicia de la Naci\u00f3n (SCJN), admiti\u00f3 a tr\u00e1mite la acci\u00f3n de inconstitucionalidad 116\/2024, promovida por legisladores de oposici\u00f3n en contra de la reforma promovida por el presidente Andr\u00e9s Manuel L\u00f3pez Obrador para la creaci\u00f3n del Fondo de Pensiones [&hellip;]<\/p>\n","protected":false},"author":1,"featured_media":2861,"comment_status":"open","ping_status":"open","sticky":false,"template":"","format":"standard","meta":{"footnotes":""},"categories":[5],"tags":[],"class_list":["post-2860","post","type-post","status-publish","format-standard","has-post-thumbnail","hentry","category-nacional"],"blog_post_layout_featured_media_urls":{"thumbnail":["https:\/\/elregionaldigital.info\/wp-content\/uploads\/2024\/06\/crop-w400-h267-e0679dfc-d1ae-4c6a-a05d-13fa2e5e9578-c2f4eaac-focus-min0.14-0.4-750-440-150x150.jpg",150,150,true],"full":["https:\/\/elregionaldigital.info\/wp-content\/uploads\/2024\/06\/crop-w400-h267-e0679dfc-d1ae-4c6a-a05d-13fa2e5e9578-c2f4eaac-focus-min0.14-0.4-750-440.jpg",750,440,false]},"categories_names":{"5":{"name":"Nacional","link":"https:\/\/elregionaldigital.info\/?cat=5"}},"tags_names":[],"comments_number":"0","wpmagazine_modules_lite_featured_media_urls":{"thumbnail":["https:\/\/elregionaldigital.info\/wp-content\/uploads\/2024\/06\/crop-w400-h267-e0679dfc-d1ae-4c6a-a05d-13fa2e5e9578-c2f4eaac-focus-min0.14-0.4-750-440-150x150.jpg",150,150,true],"cvmm-medium":["https:\/\/elregionaldigital.info\/wp-content\/uploads\/2024\/06\/crop-w400-h267-e0679dfc-d1ae-4c6a-a05d-13fa2e5e9578-c2f4eaac-focus-min0.14-0.4-750-440-300x300.jpg",300,300,true],"cvmm-medium-plus":["https:\/\/elregionaldigital.info\/wp-content\/uploads\/2024\/06\/crop-w400-h267-e0679dfc-d1ae-4c6a-a05d-13fa2e5e9578-c2f4eaac-focus-min0.14-0.4-750-440-305x207.jpg",305,207,true],"cvmm-portrait":["https:\/\/elregionaldigital.info\/wp-content\/uploads\/2024\/06\/crop-w400-h267-e0679dfc-d1ae-4c6a-a05d-13fa2e5e9578-c2f4eaac-focus-min0.14-0.4-750-440-400x440.jpg",400,440,true],"cvmm-medium-square":["https:\/\/elregionaldigital.info\/wp-content\/uploads\/2024\/06\/crop-w400-h267-e0679dfc-d1ae-4c6a-a05d-13fa2e5e9578-c2f4eaac-focus-min0.14-0.4-750-440-600x440.jpg",600,440,true],"cvmm-large":["https:\/\/elregionaldigital.info\/wp-content\/uploads\/2024\/06\/crop-w400-h267-e0679dfc-d1ae-4c6a-a05d-13fa2e5e9578-c2f4eaac-focus-min0.14-0.4-750-440.jpg",750,440,false],"cvmm-small":["https:\/\/elregionaldigital.info\/wp-content\/uploads\/2024\/06\/crop-w400-h267-e0679dfc-d1ae-4c6a-a05d-13fa2e5e9578-c2f4eaac-focus-min0.14-0.4-750-440-130x95.jpg",130,95,true],"full":["https:\/\/elregionaldigital.info\/wp-content\/uploads\/2024\/06\/crop-w400-h267-e0679dfc-d1ae-4c6a-a05d-13fa2e5e9578-c2f4eaac-focus-min0.14-0.4-750-440.jpg",750,440,false]},"_links":{"self":[{"href":"https:\/\/elregionaldigital.info\/index.php?rest_route=\/wp\/v2\/posts\/2860","targetHints":{"allow":["GET"]}}],"collection":[{"href":"https:\/\/elregionaldigital.info\/index.php?rest_route=\/wp\/v2\/posts"}],"about":[{"href":"https:\/\/elregionaldigital.info\/index.php?rest_route=\/wp\/v2\/types\/post"}],"author":[{"embeddable":true,"href":"https:\/\/elregionaldigital.info\/index.php?rest_route=\/wp\/v2\/users\/1"}],"replies":[{"embeddable":true,"href":"https:\/\/elregionaldigital.info\/index.php?rest_route=%2Fwp%2Fv2%2Fcomments&post=2860"}],"version-history":[{"count":1,"href":"https:\/\/elregionaldigital.info\/index.php?rest_route=\/wp\/v2\/posts\/2860\/revisions"}],"predecessor-version":[{"id":2862,"href":"https:\/\/elregionaldigital.info\/index.php?rest_route=\/wp\/v2\/posts\/2860\/revisions\/2862"}],"wp:featuredmedia":[{"embeddable":true,"href":"https:\/\/elregionaldigital.info\/index.php?rest_route=\/wp\/v2\/media\/2861"}],"wp:attachment":[{"href":"https:\/\/elregionaldigital.info\/index.php?rest_route=%2Fwp%2Fv2%2Fmedia&parent=2860"}],"wp:term":[{"taxonomy":"category","embeddable":true,"href":"https:\/\/elregionaldigital.info\/index.php?rest_route=%2Fwp%2Fv2%2Fcategories&post=2860"},{"taxonomy":"post_tag","embeddable":true,"href":"https:\/\/elregionaldigital.info\/index.php?rest_route=%2Fwp%2Fv2%2Ftags&post=2860"}],"curies":[{"name":"wp","href":"https:\/\/api.w.org\/{rel}","templated":true}]}}