{"id":2857,"date":"2024-06-03T17:31:00","date_gmt":"2024-06-03T17:31:00","guid":{"rendered":"http:\/\/elregionaldigital.info\/?p=2857"},"modified":"2024-06-26T17:31:37","modified_gmt":"2024-06-26T17:31:37","slug":"anuncian-serie-animada-de-blue-beetle-tras-exito-de-la-pelicula","status":"publish","type":"post","link":"https:\/\/elregionaldigital.info\/?p=2857","title":{"rendered":"Anuncian serie animada de \u2018Blue Beetle\u2019 tras \u00e9xito de la pel\u00edcula"},"content":{"rendered":"\n<p>03 de Junio 2024<a href=\"https:\/\/laverdad.com.mx\/wp-content\/uploads\/2024\/06\/BLUEBEETL.jpg\"><\/a><\/p>\n\n\n\n<p>Tras el exitoso estreno de la pel\u00edcula \u2018Blue Beetle\u2019 en 2023, DC Studios ha decidido continuar la historia del carism\u00e1tico personaje Jaime Reyes a trav\u00e9s de una serie animada. El proyecto se desarrollar\u00e1 en colaboraci\u00f3n con Warner Bros. Animation y estar\u00e1 bajo la direcci\u00f3n de Miguel Puga, conocido por su trabajo en \u2018The Casagrandes\u2019, quien tambi\u00e9n se desempe\u00f1ar\u00e1 como showrunner.<\/p>\n\n\n\n<p>La pel\u00edcula de \u2018Blue Beetle\u2019 present\u00f3 la historia de origen de Jaime Reyes, un reci\u00e9n graduado universitario que, al regresar a su hogar en El Paso, se encuentra con un escarabajo alien\u00edgena que lo transforma en Blue Beetle. Con sus nuevos poderes, Jaime debe frustrar los planes de dominaci\u00f3n mundial de Kord Industries.<\/p>\n\n\n\n<p>Aunque a\u00fan no se han revelado detalles espec\u00edficos sobre el elenco de la serie, el reparto original de la pel\u00edcula ha expresado su entusiasmo por el proyecto, sugiriendo que podr\u00edan regresar para dar vida a sus personajes en esta nueva adaptaci\u00f3n animada.<\/p>\n\n\n\n<p>El anuncio de esta serie animada ha generado gran expectaci\u00f3n entre los fan\u00e1ticos, quienes esperan ver m\u00e1s aventuras de Blue Beetle y explorar nuevas facetas del personaje y su universo. Con la participaci\u00f3n de talentos como Miguel Puga, la serie promete ser una continuaci\u00f3n emocionante y fiel a la esencia del h\u00e9roe.<\/p>\n","protected":false},"excerpt":{"rendered":"<p>03 de Junio 2024 Tras el exitoso estreno de la pel\u00edcula \u2018Blue Beetle\u2019 en 2023, DC Studios ha decidido continuar la historia del carism\u00e1tico personaje Jaime Reyes a trav\u00e9s de una serie animada. El proyecto se desarrollar\u00e1 en colaboraci\u00f3n con Warner Bros. Animation y estar\u00e1 bajo la direcci\u00f3n de Miguel Puga, conocido por su trabajo [&hellip;]<\/p>\n","protected":false},"author":1,"featured_media":2858,"comment_status":"open","ping_status":"open","sticky":false,"template":"","format":"standard","meta":{"footnotes":""},"categories":[3],"tags":[],"class_list":["post-2857","post","type-post","status-publish","format-standard","has-post-thumbnail","hentry","category-entretenimiento"],"blog_post_layout_featured_media_urls":{"thumbnail":["https:\/\/elregionaldigital.info\/wp-content\/uploads\/2024\/06\/BLUEBEETL-750x450-1-150x150.jpg",150,150,true],"full":["https:\/\/elregionaldigital.info\/wp-content\/uploads\/2024\/06\/BLUEBEETL-750x450-1.jpg",750,450,false]},"categories_names":{"3":{"name":"Entretenimiento","link":"https:\/\/elregionaldigital.info\/?cat=3"}},"tags_names":[],"comments_number":"0","wpmagazine_modules_lite_featured_media_urls":{"thumbnail":["https:\/\/elregionaldigital.info\/wp-content\/uploads\/2024\/06\/BLUEBEETL-750x450-1-150x150.jpg",150,150,true],"cvmm-medium":["https:\/\/elregionaldigital.info\/wp-content\/uploads\/2024\/06\/BLUEBEETL-750x450-1-300x300.jpg",300,300,true],"cvmm-medium-plus":["https:\/\/elregionaldigital.info\/wp-content\/uploads\/2024\/06\/BLUEBEETL-750x450-1-305x207.jpg",305,207,true],"cvmm-portrait":["https:\/\/elregionaldigital.info\/wp-content\/uploads\/2024\/06\/BLUEBEETL-750x450-1-400x450.jpg",400,450,true],"cvmm-medium-square":["https:\/\/elregionaldigital.info\/wp-content\/uploads\/2024\/06\/BLUEBEETL-750x450-1-600x450.jpg",600,450,true],"cvmm-large":["https:\/\/elregionaldigital.info\/wp-content\/uploads\/2024\/06\/BLUEBEETL-750x450-1.jpg",750,450,false],"cvmm-small":["https:\/\/elregionaldigital.info\/wp-content\/uploads\/2024\/06\/BLUEBEETL-750x450-1-130x95.jpg",130,95,true],"full":["https:\/\/elregionaldigital.info\/wp-content\/uploads\/2024\/06\/BLUEBEETL-750x450-1.jpg",750,450,false]},"_links":{"self":[{"href":"https:\/\/elregionaldigital.info\/index.php?rest_route=\/wp\/v2\/posts\/2857","targetHints":{"allow":["GET"]}}],"collection":[{"href":"https:\/\/elregionaldigital.info\/index.php?rest_route=\/wp\/v2\/posts"}],"about":[{"href":"https:\/\/elregionaldigital.info\/index.php?rest_route=\/wp\/v2\/types\/post"}],"author":[{"embeddable":true,"href":"https:\/\/elregionaldigital.info\/index.php?rest_route=\/wp\/v2\/users\/1"}],"replies":[{"embeddable":true,"href":"https:\/\/elregionaldigital.info\/index.php?rest_route=%2Fwp%2Fv2%2Fcomments&post=2857"}],"version-history":[{"count":1,"href":"https:\/\/elregionaldigital.info\/index.php?rest_route=\/wp\/v2\/posts\/2857\/revisions"}],"predecessor-version":[{"id":2859,"href":"https:\/\/elregionaldigital.info\/index.php?rest_route=\/wp\/v2\/posts\/2857\/revisions\/2859"}],"wp:featuredmedia":[{"embeddable":true,"href":"https:\/\/elregionaldigital.info\/index.php?rest_route=\/wp\/v2\/media\/2858"}],"wp:attachment":[{"href":"https:\/\/elregionaldigital.info\/index.php?rest_route=%2Fwp%2Fv2%2Fmedia&parent=2857"}],"wp:term":[{"taxonomy":"category","embeddable":true,"href":"https:\/\/elregionaldigital.info\/index.php?rest_route=%2Fwp%2Fv2%2Fcategories&post=2857"},{"taxonomy":"post_tag","embeddable":true,"href":"https:\/\/elregionaldigital.info\/index.php?rest_route=%2Fwp%2Fv2%2Ftags&post=2857"}],"curies":[{"name":"wp","href":"https:\/\/api.w.org\/{rel}","templated":true}]}}