{"id":2851,"date":"2024-06-22T18:40:09","date_gmt":"2024-06-22T18:40:09","guid":{"rendered":"http:\/\/elregionaldigital.info\/?p=2851"},"modified":"2024-06-25T18:40:51","modified_gmt":"2024-06-25T18:40:51","slug":"certifica-la-uat-capacitacion-y-actualizacion-de-guias-turisticos","status":"publish","type":"post","link":"https:\/\/elregionaldigital.info\/?p=2851","title":{"rendered":"Certifica la UAT capacitaci\u00f3n y actualizaci\u00f3n de gu\u00edas tur\u00edsticos."},"content":{"rendered":"\n<p>Ciudad Victoria, Tam.; 22 de junio de 2024.<\/p>\n\n\n\n<p><br>En un esfuerzo por fortalecer la calidad del servicio tur\u00edstico, la Universidad<br>Aut\u00f3noma de Tamaulipas (UAT), en coordinaci\u00f3n con la Secretar\u00eda de Turismo del<br>Gobierno del Estado, llev\u00f3 a cabo la entrega de credenciales de certificaci\u00f3n y<br>constancias acad\u00e9micas a gu\u00edas tur\u00edsticos.<br>La ceremonia que tuvo lugar en el Centro de Excelencia del Campus Sur de<br>la UAT marc\u00f3 la culminaci\u00f3n del curso de actualizaci\u00f3n dise\u00f1ado para renovar las<br>credenciales de los gu\u00edas tur\u00edsticos del estado de Tamaulipas para el periodo<br>2024-2026.<br>La iniciativa sigue la visi\u00f3n humanista del rector D\u00e1maso Anaya Alvarado y<br>subraya el compromiso de la UAT como instituci\u00f3n clave en la formaci\u00f3n y<br>desarrollo de recursos humanos especializados para el sector tur\u00edstico.<br>El evento destac\u00f3 la importancia de certificar a los profesionales<br>encargados de promover los destinos y la riqueza cultural de Tamaulipas,<br>asegurando que los turistas experimenten un servicio de alta calidad durante sus<br>estancias en la regi\u00f3n.<br>En representaci\u00f3n del MVZ D\u00e1maso Anaya acudi\u00f3 el Dr. Fernando Leal<br>R\u00edos, secretario de Investigaci\u00f3n y Posgrado, quien reiter\u00f3 el compromiso<br>institucional con la vinculaci\u00f3n y la mejora continua del desarrollo tur\u00edstico y<br>cultural de Tamaulipas.<br>Por su parte, el Dr. Edy Izaguirre Trevi\u00f1o, director de la Facultad de<br>Derecho y Ciencias Sociales Victoria, destac\u00f3 la sinergia institucional para<br>capacitar a los gu\u00edas con un enfoque humanista, fortaleciendo la identidad y<br>hospitalidad tamaulipeca.<br>Asimismo, el secretario de Turismo de Tamaulipas, Lic. Benjam\u00edn<br>Hern\u00e1ndez Rodr\u00edguez, enfatiz\u00f3 la profesionalizaci\u00f3n del sector como un factor<br>clave para incrementar la competitividad y atraer un mayor n\u00famero de visitantes al<br>estado, lo que tambi\u00e9n contribuye a aumentar la derrama econ\u00f3mica.<\/p>\n\n\n\n<p>Durante la ceremonia, Mar\u00eda Ang\u00e9lica Mart\u00ednez Herrera y Hugo \u00c1ngel Mu\u00f1iz<br>Rivera, representantes de los gu\u00edas tur\u00edsticos, expresaron el compromiso de este<br>sector para mantenerse actualizados y ofrecer est\u00e1ndares de servicio de clase<br>mundial.<\/p>\n","protected":false},"excerpt":{"rendered":"<p>Ciudad Victoria, Tam.; 22 de junio de 2024. En un esfuerzo por fortalecer la calidad del servicio tur\u00edstico, la UniversidadAut\u00f3noma de Tamaulipas (UAT), en coordinaci\u00f3n con la Secretar\u00eda de Turismo delGobierno del Estado, llev\u00f3 a cabo la entrega de credenciales de certificaci\u00f3n yconstancias acad\u00e9micas a gu\u00edas tur\u00edsticos.La ceremonia que tuvo lugar en el Centro de [&hellip;]<\/p>\n","protected":false},"author":1,"featured_media":2852,"comment_status":"open","ping_status":"open","sticky":false,"template":"","format":"standard","meta":{"footnotes":""},"categories":[4],"tags":[],"class_list":["post-2851","post","type-post","status-publish","format-standard","has-post-thumbnail","hentry","category-universidades"],"blog_post_layout_featured_media_urls":{"thumbnail":["https:\/\/elregionaldigital.info\/wp-content\/uploads\/2024\/06\/1-1-150x150.jpeg",150,150,true],"full":["https:\/\/elregionaldigital.info\/wp-content\/uploads\/2024\/06\/1-1-scaled.jpeg",2560,1706,false]},"categories_names":{"4":{"name":"Universidades","link":"https:\/\/elregionaldigital.info\/?cat=4"}},"tags_names":[],"comments_number":"0","wpmagazine_modules_lite_featured_media_urls":{"thumbnail":["https:\/\/elregionaldigital.info\/wp-content\/uploads\/2024\/06\/1-1-150x150.jpeg",150,150,true],"cvmm-medium":["https:\/\/elregionaldigital.info\/wp-content\/uploads\/2024\/06\/1-1-300x300.jpeg",300,300,true],"cvmm-medium-plus":["https:\/\/elregionaldigital.info\/wp-content\/uploads\/2024\/06\/1-1-305x207.jpeg",305,207,true],"cvmm-portrait":["https:\/\/elregionaldigital.info\/wp-content\/uploads\/2024\/06\/1-1-400x600.jpeg",400,600,true],"cvmm-medium-square":["https:\/\/elregionaldigital.info\/wp-content\/uploads\/2024\/06\/1-1-600x600.jpeg",600,600,true],"cvmm-large":["https:\/\/elregionaldigital.info\/wp-content\/uploads\/2024\/06\/1-1-1024x1024.jpeg",1024,1024,true],"cvmm-small":["https:\/\/elregionaldigital.info\/wp-content\/uploads\/2024\/06\/1-1-130x95.jpeg",130,95,true],"full":["https:\/\/elregionaldigital.info\/wp-content\/uploads\/2024\/06\/1-1-scaled.jpeg",2560,1706,false]},"_links":{"self":[{"href":"https:\/\/elregionaldigital.info\/index.php?rest_route=\/wp\/v2\/posts\/2851","targetHints":{"allow":["GET"]}}],"collection":[{"href":"https:\/\/elregionaldigital.info\/index.php?rest_route=\/wp\/v2\/posts"}],"about":[{"href":"https:\/\/elregionaldigital.info\/index.php?rest_route=\/wp\/v2\/types\/post"}],"author":[{"embeddable":true,"href":"https:\/\/elregionaldigital.info\/index.php?rest_route=\/wp\/v2\/users\/1"}],"replies":[{"embeddable":true,"href":"https:\/\/elregionaldigital.info\/index.php?rest_route=%2Fwp%2Fv2%2Fcomments&post=2851"}],"version-history":[{"count":1,"href":"https:\/\/elregionaldigital.info\/index.php?rest_route=\/wp\/v2\/posts\/2851\/revisions"}],"predecessor-version":[{"id":2853,"href":"https:\/\/elregionaldigital.info\/index.php?rest_route=\/wp\/v2\/posts\/2851\/revisions\/2853"}],"wp:featuredmedia":[{"embeddable":true,"href":"https:\/\/elregionaldigital.info\/index.php?rest_route=\/wp\/v2\/media\/2852"}],"wp:attachment":[{"href":"https:\/\/elregionaldigital.info\/index.php?rest_route=%2Fwp%2Fv2%2Fmedia&parent=2851"}],"wp:term":[{"taxonomy":"category","embeddable":true,"href":"https:\/\/elregionaldigital.info\/index.php?rest_route=%2Fwp%2Fv2%2Fcategories&post=2851"},{"taxonomy":"post_tag","embeddable":true,"href":"https:\/\/elregionaldigital.info\/index.php?rest_route=%2Fwp%2Fv2%2Ftags&post=2851"}],"curies":[{"name":"wp","href":"https:\/\/api.w.org\/{rel}","templated":true}]}}