{"id":2839,"date":"2024-06-18T15:59:59","date_gmt":"2024-06-18T15:59:59","guid":{"rendered":"http:\/\/elregionaldigital.info\/?p=2839"},"modified":"2024-06-25T16:00:30","modified_gmt":"2024-06-25T16:00:30","slug":"impulsa-la-uat-estrategias-para-la-formacion-integral-y-humanista-de-sus-estudiantes","status":"publish","type":"post","link":"https:\/\/elregionaldigital.info\/?p=2839","title":{"rendered":"Impulsa la UAT estrategias para la formaci\u00f3n integral y humanista de sus estudiantes"},"content":{"rendered":"\n<figure class=\"wp-block-image\"><img decoding=\"async\" src=\"https:\/\/informativolacapital.info\/wp-content\/uploads\/2024\/06\/1aa-1024x682.jpg\" alt=\"\" class=\"wp-image-1356\"\/><\/figure>\n\n\n\n<p>Ciudad Victoria, Tam.; 18 de junio de 2024.<\/p>\n\n\n\n<p>El rector D\u00e1maso Leonardo Anaya Alvarado presidi\u00f3 los trabajos del \u201cDiplomado<br>en estrategias docentes para el desarrollo de habilidades blandas en la formaci\u00f3n<br>universitaria\u201d, que la Universidad Aut\u00f3noma de Tamaulipas (UAT) impulsa con la<br>finalidad de proporcionar a sus estudiantes mayores competencias para el \u00e9xito<br>personal y profesional.<br>En la sesi\u00f3n realizada en l\u00ednea por la plataforma Microsoft Teams, el MVZ<br>D\u00e1maso Anaya dio apertura al tercer m\u00f3dulo, titulado Conciencia Social, donde<br>dio la bienvenida a docentes de todas las dependencias de la UAT en el estado<br>que toman esta capacitaci\u00f3n.<br>En su mensaje destac\u00f3 la importancia de impulsar este programa que forma<br>parte de los proyectos esenciales de la Universidad para fortalecer la c\u00e1tedra y dar<br>continuidad a las acciones institucionales en torno a las funciones sustantivas de<br>la docencia.<br>Reconoci\u00f3 la disposici\u00f3n del profesorado de la UAT al asumir un firme<br>compromiso con la formaci\u00f3n integral y humanista que se ha iniciado en la casa<br>de estudios, y cuya labor es fundamental para promover en la comunidad<br>estudiantil el desarrollo de habilidades blandas.<br>En ese sentido, subray\u00f3 la importancia de fomentar en la juventud<br>universitaria esas habilidades que en conjunto les proporcionan un car\u00e1cter<br>socioafectivo y que son necesarias para interactuar, ser resolutivos y hacer frente<br>a exigencias y situaciones desafiantes, fortaleciendo el desarrollo efectivo de sus<br>metas personales y profesionales.<br>Correspondi\u00f3 a la Dra. Rosa Issel Acosta Gonz\u00e1lez, secretaria acad\u00e9mica<br>de la UAT, presentar el objetivo del tercer m\u00f3dulo sobre Conciencia Social, que<br>comprendi\u00f3 el desarrollo de habilidades blandas asociadas al pensamiento cr\u00edtico,<br>a la resoluci\u00f3n de problemas, comportamiento social y \u00e9tico, adem\u00e1s de<\/p>\n\n\n\n<p>participaci\u00f3n ciudadana, identificaci\u00f3n, respeto y promoci\u00f3n de la igualdad,<br>inclusi\u00f3n y responsabilidad social, entre otros temas.<br>Como facilitadoras del curso participaron las doctoras Carolina G\u00f3mez<br>Pinto, Blanca Guadalupe Cid de Le\u00f3n Bujanos y Mar\u00eda Consuelo Lemus Pool,<br>catedr\u00e1ticas de la UAT.<\/p>\n","protected":false},"excerpt":{"rendered":"<p>Ciudad Victoria, Tam.; 18 de junio de 2024. El rector D\u00e1maso Leonardo Anaya Alvarado presidi\u00f3 los trabajos del \u201cDiplomadoen estrategias docentes para el desarrollo de habilidades blandas en la formaci\u00f3nuniversitaria\u201d, que la Universidad Aut\u00f3noma de Tamaulipas (UAT) impulsa con lafinalidad de proporcionar a sus estudiantes mayores competencias para el \u00e9xitopersonal y profesional.En la sesi\u00f3n realizada [&hellip;]<\/p>\n","protected":false},"author":1,"featured_media":2840,"comment_status":"open","ping_status":"open","sticky":false,"template":"","format":"standard","meta":{"footnotes":""},"categories":[4],"tags":[],"class_list":["post-2839","post","type-post","status-publish","format-standard","has-post-thumbnail","hentry","category-universidades"],"blog_post_layout_featured_media_urls":{"thumbnail":["https:\/\/elregionaldigital.info\/wp-content\/uploads\/2024\/06\/2aa-150x150.jpg",150,150,true],"full":["https:\/\/elregionaldigital.info\/wp-content\/uploads\/2024\/06\/2aa.jpg",1600,1066,false]},"categories_names":{"4":{"name":"Universidades","link":"https:\/\/elregionaldigital.info\/?cat=4"}},"tags_names":[],"comments_number":"0","wpmagazine_modules_lite_featured_media_urls":{"thumbnail":["https:\/\/elregionaldigital.info\/wp-content\/uploads\/2024\/06\/2aa-150x150.jpg",150,150,true],"cvmm-medium":["https:\/\/elregionaldigital.info\/wp-content\/uploads\/2024\/06\/2aa-300x300.jpg",300,300,true],"cvmm-medium-plus":["https:\/\/elregionaldigital.info\/wp-content\/uploads\/2024\/06\/2aa-305x207.jpg",305,207,true],"cvmm-portrait":["https:\/\/elregionaldigital.info\/wp-content\/uploads\/2024\/06\/2aa-400x600.jpg",400,600,true],"cvmm-medium-square":["https:\/\/elregionaldigital.info\/wp-content\/uploads\/2024\/06\/2aa-600x600.jpg",600,600,true],"cvmm-large":["https:\/\/elregionaldigital.info\/wp-content\/uploads\/2024\/06\/2aa-1024x1024.jpg",1024,1024,true],"cvmm-small":["https:\/\/elregionaldigital.info\/wp-content\/uploads\/2024\/06\/2aa-130x95.jpg",130,95,true],"full":["https:\/\/elregionaldigital.info\/wp-content\/uploads\/2024\/06\/2aa.jpg",1600,1066,false]},"_links":{"self":[{"href":"https:\/\/elregionaldigital.info\/index.php?rest_route=\/wp\/v2\/posts\/2839","targetHints":{"allow":["GET"]}}],"collection":[{"href":"https:\/\/elregionaldigital.info\/index.php?rest_route=\/wp\/v2\/posts"}],"about":[{"href":"https:\/\/elregionaldigital.info\/index.php?rest_route=\/wp\/v2\/types\/post"}],"author":[{"embeddable":true,"href":"https:\/\/elregionaldigital.info\/index.php?rest_route=\/wp\/v2\/users\/1"}],"replies":[{"embeddable":true,"href":"https:\/\/elregionaldigital.info\/index.php?rest_route=%2Fwp%2Fv2%2Fcomments&post=2839"}],"version-history":[{"count":1,"href":"https:\/\/elregionaldigital.info\/index.php?rest_route=\/wp\/v2\/posts\/2839\/revisions"}],"predecessor-version":[{"id":2841,"href":"https:\/\/elregionaldigital.info\/index.php?rest_route=\/wp\/v2\/posts\/2839\/revisions\/2841"}],"wp:featuredmedia":[{"embeddable":true,"href":"https:\/\/elregionaldigital.info\/index.php?rest_route=\/wp\/v2\/media\/2840"}],"wp:attachment":[{"href":"https:\/\/elregionaldigital.info\/index.php?rest_route=%2Fwp%2Fv2%2Fmedia&parent=2839"}],"wp:term":[{"taxonomy":"category","embeddable":true,"href":"https:\/\/elregionaldigital.info\/index.php?rest_route=%2Fwp%2Fv2%2Fcategories&post=2839"},{"taxonomy":"post_tag","embeddable":true,"href":"https:\/\/elregionaldigital.info\/index.php?rest_route=%2Fwp%2Fv2%2Ftags&post=2839"}],"curies":[{"name":"wp","href":"https:\/\/api.w.org\/{rel}","templated":true}]}}