{"id":2827,"date":"2024-06-14T14:59:51","date_gmt":"2024-06-14T14:59:51","guid":{"rendered":"http:\/\/elregionaldigital.info\/?p=2827"},"modified":"2024-06-25T15:00:22","modified_gmt":"2024-06-25T15:00:22","slug":"ofrece-la-uat-atencion-de-la-salud-visual-para-adultos-mayores","status":"publish","type":"post","link":"https:\/\/elregionaldigital.info\/?p=2827","title":{"rendered":"Ofrece la UAT atenci\u00f3n de la salud visual para adultos mayores"},"content":{"rendered":"\n<figure class=\"wp-block-image\"><img decoding=\"async\" src=\"https:\/\/noticierotamaulipeco.info\/wp-content\/uploads\/2024\/06\/2-2-1024x786.jpeg\" alt=\"\"\/><\/figure>\n\n\n\n<p>14 de junio 2024<\/p>\n\n\n\n<figure class=\"wp-block-image\"><img decoding=\"async\" src=\"https:\/\/noticierotamaulipeco.info\/wp-content\/uploads\/2024\/06\/3-1024x685.jpeg\" alt=\"\" class=\"wp-image-1847\"\/><\/figure>\n\n\n\n<p>La Universidad Aut\u00f3noma de Tamaulipas (UAT) puso en marcha una importante<br>colaboraci\u00f3n con la asociaci\u00f3n civil Visi\u00f3n Contra la Ceguera, para ofrecer<br>servicios de atenci\u00f3n oftalmol\u00f3gica a los adultos mayores y a las personas de<br>escasos recursos que requieren mejorar su salud visual.<br>En el marco de las pol\u00edticas de vinculaci\u00f3n comunitaria que impulsa el rector<br>de la UAT, MVZ D\u00e1maso Leonardo Anaya Alvarado, este esfuerzo conjunto se ha<br>integrado a las jornadas universitarias que se ofrecen a trav\u00e9s del Centro<br>Operativo Multidisciplinario de Atenci\u00f3n y Servicio Social (COMASS) en Ciudad<br>Victoria.<br>Con el apoyo del personal de la asociaci\u00f3n civil Visi\u00f3n Contra la Ceguera,<br>se iniciaron estos servicios gratuitos que permiten diagnosticar problemas de salud<br>visual, principalmente las cataratas, una condici\u00f3n que causa opacidad en el<br>cristalino del ojo y puede llevar a una disminuci\u00f3n significativa de la visi\u00f3n y, en<br>algunos casos, a la ceguera.<br>Y adem\u00e1s de brindar este servicio en las jornadas que organiza la UAT<br>peri\u00f3dicamente, tambi\u00e9n se presta la atenci\u00f3n cada martes y jueves en las<br>instalaciones de este centro operativo ubicado en calle Gardenia No. 112, col.<br>H\u00e9roe de Nacozari, entre Hidalgo y privada Iturbide (29 Hidalgo), en Ciudad<br>Victoria.<br>Con el apoyo de profesionistas, docentes y estudiantes prestatarios de<br>servicio social, se han fortalecido tambi\u00e9n los programas multidisciplinarios, como<br>son consultas m\u00e9dicas, consulta dental, servicios de enfermer\u00eda y atenci\u00f3n en<br>materia de psicolog\u00eda, nutrici\u00f3n, trabajo social y asesor\u00eda legal, as\u00ed como servicios<br>veterinarios y cuidado de mascotas.<br>Tambi\u00e9n se cuenta con el apoyo de institutos de capacitaci\u00f3n t\u00e9cnica de la<br>localidad que implementan servicios de corte de cabello y campa\u00f1as de<\/p>\n\n\n\n<p>prevenci\u00f3n y tratamiento de la pediculosis.<br>Con el respaldo de las facultades y unidades acad\u00e9micas de la UAT se<br>organizan tambi\u00e9n en estas jornadas diversas actividades recreativas y educativas<br>orientadas a la poblaci\u00f3n infantil y a las familias en general.<\/p>\n","protected":false},"excerpt":{"rendered":"<p>14 de junio 2024 La Universidad Aut\u00f3noma de Tamaulipas (UAT) puso en marcha una importantecolaboraci\u00f3n con la asociaci\u00f3n civil Visi\u00f3n Contra la Ceguera, para ofrecerservicios de atenci\u00f3n oftalmol\u00f3gica a los adultos mayores y a las personas deescasos recursos que requieren mejorar su salud visual.En el marco de las pol\u00edticas de vinculaci\u00f3n comunitaria que impulsa el [&hellip;]<\/p>\n","protected":false},"author":1,"featured_media":2828,"comment_status":"open","ping_status":"open","sticky":false,"template":"","format":"standard","meta":{"footnotes":""},"categories":[4],"tags":[],"class_list":["post-2827","post","type-post","status-publish","format-standard","has-post-thumbnail","hentry","category-universidades"],"blog_post_layout_featured_media_urls":{"thumbnail":["https:\/\/elregionaldigital.info\/wp-content\/uploads\/2024\/06\/4-150x150.jpeg",150,150,true],"full":["https:\/\/elregionaldigital.info\/wp-content\/uploads\/2024\/06\/4.jpeg",1280,853,false]},"categories_names":{"4":{"name":"Universidades","link":"https:\/\/elregionaldigital.info\/?cat=4"}},"tags_names":[],"comments_number":"0","wpmagazine_modules_lite_featured_media_urls":{"thumbnail":["https:\/\/elregionaldigital.info\/wp-content\/uploads\/2024\/06\/4-150x150.jpeg",150,150,true],"cvmm-medium":["https:\/\/elregionaldigital.info\/wp-content\/uploads\/2024\/06\/4-300x300.jpeg",300,300,true],"cvmm-medium-plus":["https:\/\/elregionaldigital.info\/wp-content\/uploads\/2024\/06\/4-305x207.jpeg",305,207,true],"cvmm-portrait":["https:\/\/elregionaldigital.info\/wp-content\/uploads\/2024\/06\/4-400x600.jpeg",400,600,true],"cvmm-medium-square":["https:\/\/elregionaldigital.info\/wp-content\/uploads\/2024\/06\/4-600x600.jpeg",600,600,true],"cvmm-large":["https:\/\/elregionaldigital.info\/wp-content\/uploads\/2024\/06\/4-1024x853.jpeg",1024,853,true],"cvmm-small":["https:\/\/elregionaldigital.info\/wp-content\/uploads\/2024\/06\/4-130x95.jpeg",130,95,true],"full":["https:\/\/elregionaldigital.info\/wp-content\/uploads\/2024\/06\/4.jpeg",1280,853,false]},"_links":{"self":[{"href":"https:\/\/elregionaldigital.info\/index.php?rest_route=\/wp\/v2\/posts\/2827","targetHints":{"allow":["GET"]}}],"collection":[{"href":"https:\/\/elregionaldigital.info\/index.php?rest_route=\/wp\/v2\/posts"}],"about":[{"href":"https:\/\/elregionaldigital.info\/index.php?rest_route=\/wp\/v2\/types\/post"}],"author":[{"embeddable":true,"href":"https:\/\/elregionaldigital.info\/index.php?rest_route=\/wp\/v2\/users\/1"}],"replies":[{"embeddable":true,"href":"https:\/\/elregionaldigital.info\/index.php?rest_route=%2Fwp%2Fv2%2Fcomments&post=2827"}],"version-history":[{"count":1,"href":"https:\/\/elregionaldigital.info\/index.php?rest_route=\/wp\/v2\/posts\/2827\/revisions"}],"predecessor-version":[{"id":2829,"href":"https:\/\/elregionaldigital.info\/index.php?rest_route=\/wp\/v2\/posts\/2827\/revisions\/2829"}],"wp:featuredmedia":[{"embeddable":true,"href":"https:\/\/elregionaldigital.info\/index.php?rest_route=\/wp\/v2\/media\/2828"}],"wp:attachment":[{"href":"https:\/\/elregionaldigital.info\/index.php?rest_route=%2Fwp%2Fv2%2Fmedia&parent=2827"}],"wp:term":[{"taxonomy":"category","embeddable":true,"href":"https:\/\/elregionaldigital.info\/index.php?rest_route=%2Fwp%2Fv2%2Fcategories&post=2827"},{"taxonomy":"post_tag","embeddable":true,"href":"https:\/\/elregionaldigital.info\/index.php?rest_route=%2Fwp%2Fv2%2Ftags&post=2827"}],"curies":[{"name":"wp","href":"https:\/\/api.w.org\/{rel}","templated":true}]}}