{"id":2809,"date":"2024-06-09T14:09:28","date_gmt":"2024-06-09T14:09:28","guid":{"rendered":"http:\/\/elregionaldigital.info\/?p=2809"},"modified":"2024-06-11T14:10:06","modified_gmt":"2024-06-11T14:10:06","slug":"rector-de-la-uat-damaso-anaya-preside-graduacion-en-la-uam-mante","status":"publish","type":"post","link":"https:\/\/elregionaldigital.info\/?p=2809","title":{"rendered":"Rector de la UAT, D\u00e1maso Anaya, preside graduaci\u00f3n en la UAM Mante"},"content":{"rendered":"\n<p>09 de junio 2024<\/p>\n\n\n\n<figure class=\"wp-block-image size-large\"><img loading=\"lazy\" decoding=\"async\" width=\"1024\" height=\"636\" src=\"http:\/\/elregionaldigital.info\/wp-content\/uploads\/2024\/06\/3-1024x636.jpg\" alt=\"\" class=\"wp-image-2810\" srcset=\"https:\/\/elregionaldigital.info\/wp-content\/uploads\/2024\/06\/3-1024x636.jpg 1024w, https:\/\/elregionaldigital.info\/wp-content\/uploads\/2024\/06\/3-300x186.jpg 300w, https:\/\/elregionaldigital.info\/wp-content\/uploads\/2024\/06\/3-768x477.jpg 768w, https:\/\/elregionaldigital.info\/wp-content\/uploads\/2024\/06\/3.jpg 1280w\" sizes=\"auto, (max-width: 1024px) 100vw, 1024px\" \/><\/figure>\n\n\n\n<p>La generaci\u00f3n 2020-2024 de las Licenciaturas en Enfermer\u00eda y en Nutrici\u00f3n y<br>Salud Integral de la Unidad Acad\u00e9mica Multidisciplinaria Mante celebraron su<br>ceremonia de graduaci\u00f3n en un emotivo evento que presidi\u00f3 el rector de la<br>Universidad Aut\u00f3noma de Tamaulipas (UAT), MVZ D\u00e1maso Anaya Alvarado.<br>En la explanada de la instituci\u00f3n acad\u00e9mica, que congreg\u00f3 a familiares y<br>comunidad universitaria, se llev\u00f3 a cabo la entrega de constancias de estudios a<br>152 egresados de esta generaci\u00f3n que lleva el nombre de uno de sus<br>catedr\u00e1ticos, el Dr. Rigoberto C\u00e1rdenas P\u00e9rez.<br>En este marco, el rector D\u00e1maso Anaya felicit\u00f3 a los graduados por concluir<br>exitosamente su formaci\u00f3n en la UAT, donde han recibido una educaci\u00f3n de<br>calidad para que salgan adelante y afronten con gran decisi\u00f3n y conocimientos los<br>retos de su futuro laboral y profesional.<br>El rector destac\u00f3 su reconocimiento a la planta docente y administrativa<br>porque, con su labor y esfuerzo, la Unidad Acad\u00e9mica Multidisciplinaria Mante se<br>distingue por la excelencia y compromiso con la calidad educativa, al contar con el<br>cien por ciento de su matr\u00edcula estudiando en programas evaluados y certificados<br>a nivel nacional.<br>Por su labor excepcional, D\u00e1maso Anaya felicit\u00f3 al Dr. Rigoberto C\u00e1rdenas<br>P\u00e9rez, director del IMSS en El Mante, que fue elegido padrino de esta generaci\u00f3n<br>por su dedicaci\u00f3n y compromiso con la educaci\u00f3n.<br>A los graduados, el rector los exhort\u00f3 a ser siempre embajadores de la<br>Universidad: \u201cLleven siempre consigo los valores de excelencia, integridad y<br>compromiso que aqu\u00ed han aprendido. Celebremos hoy como familia UAT este gran<br>logro\u201d, dijo.<br>Por su parte, el Mtro. Jos\u00e9 Reyna Tinajero, director interino de esta unidad<\/p>\n\n\n\n<p>acad\u00e9mica, agradeci\u00f3 al rector D\u00e1maso Anaya Alvarado por el apoyo y su<br>presencia, y se\u00f1al\u00f3 que esta generaci\u00f3n en especial merece un reconocimiento<br>porque pasaron gran parte de su formaci\u00f3n fuera de las aulas debido a la<br>pandemia del 2020.<br>En su oportunidad, el Dr. Rigoberto C\u00e1rdenas P\u00e9rez expres\u00f3 un mensaje de<br>gratitud a la UAT y a sus alumnos que lo eligieron padrino de la generaci\u00f3n, al<br>tiempo de pedir a los egresados trabajar siempre para dejar en alto el nombre de<br>la UAT.<br>Tambi\u00e9n hizo uso de la palabra Carmen Guadalupe Hern\u00e1ndez Lara, quien<br>expres\u00f3 el mensaje de la generaci\u00f3n integrada por 124 graduados de la<br>Licenciatura en Enfermer\u00eda ((92 mujeres y 33 hombres) y 28 de la Licenciatura en<br>Nutrici\u00f3n y Salud Integral (17 mujeres y 12 hombres).<br>En la ceremonia solemne se entregaron reconocimientos a estudiantes con<br>mejor aprovechamiento escolar y se llev\u00f3 a cabo la tradicional ceremonia del paso<br>de la luz para quienes concluyeron su formaci\u00f3n en enfermer\u00eda.<\/p>\n","protected":false},"excerpt":{"rendered":"<p>09 de junio 2024 La generaci\u00f3n 2020-2024 de las Licenciaturas en Enfermer\u00eda y en Nutrici\u00f3n ySalud Integral de la Unidad Acad\u00e9mica Multidisciplinaria Mante celebraron suceremonia de graduaci\u00f3n en un emotivo evento que presidi\u00f3 el rector de laUniversidad Aut\u00f3noma de Tamaulipas (UAT), MVZ D\u00e1maso Anaya Alvarado.En la explanada de la instituci\u00f3n acad\u00e9mica, que congreg\u00f3 a familiares [&hellip;]<\/p>\n","protected":false},"author":1,"featured_media":2811,"comment_status":"open","ping_status":"open","sticky":false,"template":"","format":"standard","meta":{"footnotes":""},"categories":[4],"tags":[],"class_list":["post-2809","post","type-post","status-publish","format-standard","has-post-thumbnail","hentry","category-universidades"],"blog_post_layout_featured_media_urls":{"thumbnail":["https:\/\/elregionaldigital.info\/wp-content\/uploads\/2024\/06\/3-1-150x150.jpg",150,150,true],"full":["https:\/\/elregionaldigital.info\/wp-content\/uploads\/2024\/06\/3-1.jpg",1280,795,false]},"categories_names":{"4":{"name":"Universidades","link":"https:\/\/elregionaldigital.info\/?cat=4"}},"tags_names":[],"comments_number":"0","wpmagazine_modules_lite_featured_media_urls":{"thumbnail":["https:\/\/elregionaldigital.info\/wp-content\/uploads\/2024\/06\/3-1-150x150.jpg",150,150,true],"cvmm-medium":["https:\/\/elregionaldigital.info\/wp-content\/uploads\/2024\/06\/3-1-300x300.jpg",300,300,true],"cvmm-medium-plus":["https:\/\/elregionaldigital.info\/wp-content\/uploads\/2024\/06\/3-1-305x207.jpg",305,207,true],"cvmm-portrait":["https:\/\/elregionaldigital.info\/wp-content\/uploads\/2024\/06\/3-1-400x600.jpg",400,600,true],"cvmm-medium-square":["https:\/\/elregionaldigital.info\/wp-content\/uploads\/2024\/06\/3-1-600x600.jpg",600,600,true],"cvmm-large":["https:\/\/elregionaldigital.info\/wp-content\/uploads\/2024\/06\/3-1-1024x795.jpg",1024,795,true],"cvmm-small":["https:\/\/elregionaldigital.info\/wp-content\/uploads\/2024\/06\/3-1-130x95.jpg",130,95,true],"full":["https:\/\/elregionaldigital.info\/wp-content\/uploads\/2024\/06\/3-1.jpg",1280,795,false]},"_links":{"self":[{"href":"https:\/\/elregionaldigital.info\/index.php?rest_route=\/wp\/v2\/posts\/2809","targetHints":{"allow":["GET"]}}],"collection":[{"href":"https:\/\/elregionaldigital.info\/index.php?rest_route=\/wp\/v2\/posts"}],"about":[{"href":"https:\/\/elregionaldigital.info\/index.php?rest_route=\/wp\/v2\/types\/post"}],"author":[{"embeddable":true,"href":"https:\/\/elregionaldigital.info\/index.php?rest_route=\/wp\/v2\/users\/1"}],"replies":[{"embeddable":true,"href":"https:\/\/elregionaldigital.info\/index.php?rest_route=%2Fwp%2Fv2%2Fcomments&post=2809"}],"version-history":[{"count":1,"href":"https:\/\/elregionaldigital.info\/index.php?rest_route=\/wp\/v2\/posts\/2809\/revisions"}],"predecessor-version":[{"id":2812,"href":"https:\/\/elregionaldigital.info\/index.php?rest_route=\/wp\/v2\/posts\/2809\/revisions\/2812"}],"wp:featuredmedia":[{"embeddable":true,"href":"https:\/\/elregionaldigital.info\/index.php?rest_route=\/wp\/v2\/media\/2811"}],"wp:attachment":[{"href":"https:\/\/elregionaldigital.info\/index.php?rest_route=%2Fwp%2Fv2%2Fmedia&parent=2809"}],"wp:term":[{"taxonomy":"category","embeddable":true,"href":"https:\/\/elregionaldigital.info\/index.php?rest_route=%2Fwp%2Fv2%2Fcategories&post=2809"},{"taxonomy":"post_tag","embeddable":true,"href":"https:\/\/elregionaldigital.info\/index.php?rest_route=%2Fwp%2Fv2%2Ftags&post=2809"}],"curies":[{"name":"wp","href":"https:\/\/api.w.org\/{rel}","templated":true}]}}