{"id":2806,"date":"2024-06-08T13:54:38","date_gmt":"2024-06-08T13:54:38","guid":{"rendered":"http:\/\/elregionaldigital.info\/?p=2806"},"modified":"2024-06-11T13:55:04","modified_gmt":"2024-06-11T13:55:04","slug":"prepa-3-de-la-uat-entrega-la-primera-generacion-bilingue","status":"publish","type":"post","link":"https:\/\/elregionaldigital.info\/?p=2806","title":{"rendered":"Prepa 3 de la UAT entrega la primera generaci\u00f3n biling\u00fce"},"content":{"rendered":"\n<p>La Universidad Aut\u00f3noma de Tamaulipas (UAT) entreg\u00f3 la primera generaci\u00f3n del<br>programa de educaci\u00f3n biling\u00fce egresada de la Escuela Preparatoria No. 3 en<br>Ciudad Victoria, cuyo logro destaca el esfuerzo de estudiantes, personal docente,<br>directivos y padres de familia sumados a los proyectos de mejoramiento de la<br>educaci\u00f3n que impulsa el rector D\u00e1maso Anaya Alvarado.<br>En una emotiva ceremonia se entregaron constancias de acreditaci\u00f3n al<br>conjunto de estudiantes del bachillerato de la UAT que conforman el primer grupo<br>de j\u00f3venes que concluy\u00f3 exitosamente el programa de estudio intensivo en idioma<br>ingl\u00e9s.<br>Un total de treinta y dos estudiantes fueron reconocidos por su dedicaci\u00f3n y<br>compromiso durante el programa, recibiendo reconocimientos de manos de los<br>docentes que formaron parte de su formaci\u00f3n en este periodo.<br>A nombre de la comunidad estudiantil, Estefany Guti\u00e9rrez Zapata y Carlos<br>Castro Aguilar compartieron su experiencia en el programa, destacando los<br>beneficios de formar parte de este proyecto pionero en el bachillerato de la UAT, y<br>agradecieron la oportunidad de expandir sus habilidades ling\u00fc\u00edsticas y<br>acad\u00e9micas.<br>Asimismo, la Mtra. Valeria Trevi\u00f1o Sald\u00edvar, docente que ha sido parte<br>importante de este programa implementado por la Direcci\u00f3n del plantel a cargo de<br>la Mtra. Maribel Sober\u00f3n Garc\u00eda, comparti\u00f3 su visi\u00f3n y experiencia sobre esta<br>iniciativa, destacando el impacto positivo en el desarrollo personal y profesional de<br>los estudiantes.<br>Durante la ceremonia se proyect\u00f3 una semblanza de im\u00e1genes de las<br>actividades y momentos compartidos durante los tres semestres que integraron el<br>programa, resaltando el esfuerzo conjunto entre estudiantes, docentes y<br>autoridades de la UAT que demuestra el potencial y la calidad de la educaci\u00f3n<\/p>\n\n\n\n<p>impartida en la instituci\u00f3n.<br>Cabe mencionar que la iniciativa de este grupo biling\u00fce surgi\u00f3 como un<br>proyecto piloto en la Preparatoria 3 de la UAT, con el prop\u00f3sito de seleccionar a<br>aquellos estudiantes con un nivel avanzado de ingl\u00e9s para cursar materias en ese<br>idioma.<\/p>\n","protected":false},"excerpt":{"rendered":"<p>La Universidad Aut\u00f3noma de Tamaulipas (UAT) entreg\u00f3 la primera generaci\u00f3n delprograma de educaci\u00f3n biling\u00fce egresada de la Escuela Preparatoria No. 3 enCiudad Victoria, cuyo logro destaca el esfuerzo de estudiantes, personal docente,directivos y padres de familia sumados a los proyectos de mejoramiento de laeducaci\u00f3n que impulsa el rector D\u00e1maso Anaya Alvarado.En una emotiva ceremonia se [&hellip;]<\/p>\n","protected":false},"author":1,"featured_media":2807,"comment_status":"open","ping_status":"open","sticky":false,"template":"","format":"standard","meta":{"footnotes":""},"categories":[4],"tags":[],"class_list":["post-2806","post","type-post","status-publish","format-standard","has-post-thumbnail","hentry","category-universidades"],"blog_post_layout_featured_media_urls":{"thumbnail":["https:\/\/elregionaldigital.info\/wp-content\/uploads\/2024\/06\/1-2-150x150.jpg",150,150,true],"full":["https:\/\/elregionaldigital.info\/wp-content\/uploads\/2024\/06\/1-2.jpg",1960,1000,false]},"categories_names":{"4":{"name":"Universidades","link":"https:\/\/elregionaldigital.info\/?cat=4"}},"tags_names":[],"comments_number":"0","wpmagazine_modules_lite_featured_media_urls":{"thumbnail":["https:\/\/elregionaldigital.info\/wp-content\/uploads\/2024\/06\/1-2-150x150.jpg",150,150,true],"cvmm-medium":["https:\/\/elregionaldigital.info\/wp-content\/uploads\/2024\/06\/1-2-300x300.jpg",300,300,true],"cvmm-medium-plus":["https:\/\/elregionaldigital.info\/wp-content\/uploads\/2024\/06\/1-2-305x207.jpg",305,207,true],"cvmm-portrait":["https:\/\/elregionaldigital.info\/wp-content\/uploads\/2024\/06\/1-2-400x600.jpg",400,600,true],"cvmm-medium-square":["https:\/\/elregionaldigital.info\/wp-content\/uploads\/2024\/06\/1-2-600x600.jpg",600,600,true],"cvmm-large":["https:\/\/elregionaldigital.info\/wp-content\/uploads\/2024\/06\/1-2-1024x1000.jpg",1024,1000,true],"cvmm-small":["https:\/\/elregionaldigital.info\/wp-content\/uploads\/2024\/06\/1-2-130x95.jpg",130,95,true],"full":["https:\/\/elregionaldigital.info\/wp-content\/uploads\/2024\/06\/1-2.jpg",1960,1000,false]},"_links":{"self":[{"href":"https:\/\/elregionaldigital.info\/index.php?rest_route=\/wp\/v2\/posts\/2806","targetHints":{"allow":["GET"]}}],"collection":[{"href":"https:\/\/elregionaldigital.info\/index.php?rest_route=\/wp\/v2\/posts"}],"about":[{"href":"https:\/\/elregionaldigital.info\/index.php?rest_route=\/wp\/v2\/types\/post"}],"author":[{"embeddable":true,"href":"https:\/\/elregionaldigital.info\/index.php?rest_route=\/wp\/v2\/users\/1"}],"replies":[{"embeddable":true,"href":"https:\/\/elregionaldigital.info\/index.php?rest_route=%2Fwp%2Fv2%2Fcomments&post=2806"}],"version-history":[{"count":1,"href":"https:\/\/elregionaldigital.info\/index.php?rest_route=\/wp\/v2\/posts\/2806\/revisions"}],"predecessor-version":[{"id":2808,"href":"https:\/\/elregionaldigital.info\/index.php?rest_route=\/wp\/v2\/posts\/2806\/revisions\/2808"}],"wp:featuredmedia":[{"embeddable":true,"href":"https:\/\/elregionaldigital.info\/index.php?rest_route=\/wp\/v2\/media\/2807"}],"wp:attachment":[{"href":"https:\/\/elregionaldigital.info\/index.php?rest_route=%2Fwp%2Fv2%2Fmedia&parent=2806"}],"wp:term":[{"taxonomy":"category","embeddable":true,"href":"https:\/\/elregionaldigital.info\/index.php?rest_route=%2Fwp%2Fv2%2Fcategories&post=2806"},{"taxonomy":"post_tag","embeddable":true,"href":"https:\/\/elregionaldigital.info\/index.php?rest_route=%2Fwp%2Fv2%2Ftags&post=2806"}],"curies":[{"name":"wp","href":"https:\/\/api.w.org\/{rel}","templated":true}]}}