{"id":2799,"date":"2024-06-07T05:57:37","date_gmt":"2024-06-07T05:57:37","guid":{"rendered":"http:\/\/elregionaldigital.info\/?p=2799"},"modified":"2024-06-07T05:57:38","modified_gmt":"2024-06-07T05:57:38","slug":"felicita-estados-unidos-a-modi-por-triunfo-en-las-elecciones-de-india","status":"publish","type":"post","link":"https:\/\/elregionaldigital.info\/?p=2799","title":{"rendered":"Felicita Estados Unidos a Modi por triunfo en las elecciones de India"},"content":{"rendered":"\n<figure class=\"wp-block-image size-large\"><img loading=\"lazy\" decoding=\"async\" width=\"1024\" height=\"682\" src=\"http:\/\/elregionaldigital.info\/wp-content\/uploads\/2024\/06\/im-966901-1024x682.jpg\" alt=\"\" class=\"wp-image-2800\" srcset=\"https:\/\/elregionaldigital.info\/wp-content\/uploads\/2024\/06\/im-966901-1024x682.jpg 1024w, https:\/\/elregionaldigital.info\/wp-content\/uploads\/2024\/06\/im-966901-300x200.jpg 300w, https:\/\/elregionaldigital.info\/wp-content\/uploads\/2024\/06\/im-966901-768x512.jpg 768w, https:\/\/elregionaldigital.info\/wp-content\/uploads\/2024\/06\/im-966901.jpg 1280w\" sizes=\"auto, (max-width: 1024px) 100vw, 1024px\" \/><\/figure>\n\n\n\n<p>07 de junio 2024<a href=\"https:\/\/laverdad.com.mx\/wp-content\/uploads\/2024\/06\/1200x885.jpg\"><\/a><\/p>\n\n\n\n<p>El Departamento de Estado de Estados Unidos felicit\u00f3 este mi\u00e9rcoles al primer ministro de India, Narendra Modi, por la victoria de la coalici\u00f3n que lidera en las recientes elecciones generales del pa\u00eds, destacando su importancia hist\u00f3rica a pesar de la p\u00e9rdida de m\u00e1s de 60 esca\u00f1os por parte de su partido.<\/p>\n\n\n\n<p>\u201cCon aproximadamente 650 millones de electores emitiendo sus votos en las \u00faltimas seis semanas, estas elecciones representan el mayor ejercicio de democracia en la historia de la humanidad. Felicitamos a los votantes, trabajadores electorales, sociedad civil y periodistas indios por su compromiso y contribuciones vitales a los procesos e instituciones democr\u00e1ticos\u201d, se lee en un comunicado oficial.<\/p>\n\n\n\n<p>El portavoz del Departamento de Estado, Matthew Miller, expres\u00f3 su deseo de \u201ccontinuar impulsando\u201d la asociaci\u00f3n bilateral con India para promover la prosperidad y la innovaci\u00f3n, abordar la crisis clim\u00e1tica y garantizar una regi\u00f3n del Indo-Pac\u00edfico libre y abierta.<\/p>\n\n\n\n<p>Los resultados oficiales de las elecciones reflejan que el Partido Popular de India (BJP) de Modi gan\u00f3 240 esca\u00f1os, perdiendo su mayor\u00eda absoluta en el Parlamento. Sin embargo, la coalici\u00f3n que lidera, la Alianza Democr\u00e1tica Nacional (NDA), logr\u00f3 asegurar una mayor\u00eda con 292 esca\u00f1os, superando los 272 necesarios.<\/p>\n\n\n\n<p>La oposici\u00f3n, encabezada por el Congreso Nacional Indio bajo la Alianza Inclusiva para el Desarrollo Nacional de India (INDIA), obtuvo 230 esca\u00f1os. A pesar de la victoria, el BJP de Modi podr\u00eda verse obligado a moderar su ret\u00f3rica para alcanzar un consenso con sus socios de coalici\u00f3n, lo cual podr\u00eda derivar en una coalici\u00f3n fr\u00e1gil y dificultar la implementaci\u00f3n de ambiciosas reformas econ\u00f3micas.<\/p>\n\n\n\n<h3 class=\"wp-block-heading\">Comparte esto:<\/h3>\n","protected":false},"excerpt":{"rendered":"<p>07 de junio 2024 El Departamento de Estado de Estados Unidos felicit\u00f3 este mi\u00e9rcoles al primer ministro de India, Narendra Modi, por la victoria de la coalici\u00f3n que lidera en las recientes elecciones generales del pa\u00eds, destacando su importancia hist\u00f3rica a pesar de la p\u00e9rdida de m\u00e1s de 60 esca\u00f1os por parte de su partido. [&hellip;]<\/p>\n","protected":false},"author":1,"featured_media":2801,"comment_status":"open","ping_status":"open","sticky":false,"template":"","format":"standard","meta":{"footnotes":""},"categories":[11],"tags":[],"class_list":["post-2799","post","type-post","status-publish","format-standard","has-post-thumbnail","hentry","category-mundo"],"blog_post_layout_featured_media_urls":{"thumbnail":["https:\/\/elregionaldigital.info\/wp-content\/uploads\/2024\/06\/im-966901-1-150x150.jpg",150,150,true],"full":["https:\/\/elregionaldigital.info\/wp-content\/uploads\/2024\/06\/im-966901-1.jpg",1280,853,false]},"categories_names":{"11":{"name":"Mundo","link":"https:\/\/elregionaldigital.info\/?cat=11"}},"tags_names":[],"comments_number":"0","wpmagazine_modules_lite_featured_media_urls":{"thumbnail":["https:\/\/elregionaldigital.info\/wp-content\/uploads\/2024\/06\/im-966901-1-150x150.jpg",150,150,true],"cvmm-medium":["https:\/\/elregionaldigital.info\/wp-content\/uploads\/2024\/06\/im-966901-1-300x300.jpg",300,300,true],"cvmm-medium-plus":["https:\/\/elregionaldigital.info\/wp-content\/uploads\/2024\/06\/im-966901-1-305x207.jpg",305,207,true],"cvmm-portrait":["https:\/\/elregionaldigital.info\/wp-content\/uploads\/2024\/06\/im-966901-1-400x600.jpg",400,600,true],"cvmm-medium-square":["https:\/\/elregionaldigital.info\/wp-content\/uploads\/2024\/06\/im-966901-1-600x600.jpg",600,600,true],"cvmm-large":["https:\/\/elregionaldigital.info\/wp-content\/uploads\/2024\/06\/im-966901-1-1024x853.jpg",1024,853,true],"cvmm-small":["https:\/\/elregionaldigital.info\/wp-content\/uploads\/2024\/06\/im-966901-1-130x95.jpg",130,95,true],"full":["https:\/\/elregionaldigital.info\/wp-content\/uploads\/2024\/06\/im-966901-1.jpg",1280,853,false]},"_links":{"self":[{"href":"https:\/\/elregionaldigital.info\/index.php?rest_route=\/wp\/v2\/posts\/2799","targetHints":{"allow":["GET"]}}],"collection":[{"href":"https:\/\/elregionaldigital.info\/index.php?rest_route=\/wp\/v2\/posts"}],"about":[{"href":"https:\/\/elregionaldigital.info\/index.php?rest_route=\/wp\/v2\/types\/post"}],"author":[{"embeddable":true,"href":"https:\/\/elregionaldigital.info\/index.php?rest_route=\/wp\/v2\/users\/1"}],"replies":[{"embeddable":true,"href":"https:\/\/elregionaldigital.info\/index.php?rest_route=%2Fwp%2Fv2%2Fcomments&post=2799"}],"version-history":[{"count":1,"href":"https:\/\/elregionaldigital.info\/index.php?rest_route=\/wp\/v2\/posts\/2799\/revisions"}],"predecessor-version":[{"id":2802,"href":"https:\/\/elregionaldigital.info\/index.php?rest_route=\/wp\/v2\/posts\/2799\/revisions\/2802"}],"wp:featuredmedia":[{"embeddable":true,"href":"https:\/\/elregionaldigital.info\/index.php?rest_route=\/wp\/v2\/media\/2801"}],"wp:attachment":[{"href":"https:\/\/elregionaldigital.info\/index.php?rest_route=%2Fwp%2Fv2%2Fmedia&parent=2799"}],"wp:term":[{"taxonomy":"category","embeddable":true,"href":"https:\/\/elregionaldigital.info\/index.php?rest_route=%2Fwp%2Fv2%2Fcategories&post=2799"},{"taxonomy":"post_tag","embeddable":true,"href":"https:\/\/elregionaldigital.info\/index.php?rest_route=%2Fwp%2Fv2%2Ftags&post=2799"}],"curies":[{"name":"wp","href":"https:\/\/api.w.org\/{rel}","templated":true}]}}