{"id":2786,"date":"2024-06-05T13:54:23","date_gmt":"2024-06-05T13:54:23","guid":{"rendered":"http:\/\/elregionaldigital.info\/?p=2786"},"modified":"2024-06-06T13:54:59","modified_gmt":"2024-06-06T13:54:59","slug":"imparten-en-la-uat-conferencia-sobre-seguridad-y-proteccion-ciudadana","status":"publish","type":"post","link":"https:\/\/elregionaldigital.info\/?p=2786","title":{"rendered":"Imparten en la UAT conferencia sobre seguridad y protecci\u00f3n ciudadana"},"content":{"rendered":"\n<p>05 de Junio Del 2024<\/p>\n\n\n\n<figure class=\"wp-block-image\"><img decoding=\"async\" src=\"https:\/\/noticierodelnorte.info\/wp-content\/uploads\/2024\/06\/4-1-840x480.jpg\" alt=\"\" class=\"wp-image-984\"\/><\/figure>\n\n\n\n<p>La Universidad Aut\u00f3noma de Tamaulipas (UAT) organiz\u00f3 una conferencia sobre<br>las funciones y el desempe\u00f1o de la Secretar\u00eda de la Defensa Nacional (SEDENA),<br>en el marco de la Reuni\u00f3n de Seguridad que se realiz\u00f3 en la Unidad Acad\u00e9mica<br>Multidisciplinaria Mante.<br>El rector de la UAT, MVZ D\u00e1maso Leonardo Anaya Alvarado, dio la<br>bienvenida al general de brigada diplomado de Estado Mayor Julio C\u00e9sar Islas<br>S\u00e1nchez, comandante de la 48\/a Zona Militar, quien dict\u00f3 una pl\u00e1tica en materia<br>de seguridad y sobre las funciones y responsabilidades del Ej\u00e9rcito Mexicano.<br>Destac\u00f3 D\u00e1maso Anaya la oportunidad de recibir al distinguido<br>representante de las Fuerzas Armadas, cuya presencia contribuye a las acciones<br>que desarrolla la UAT para contar con espacios educativos armoniosos que<br>garanticen a los estudiantes el ambiente \u00f3ptimo para su formaci\u00f3n.<br>Parte de ello, se\u00f1al\u00f3, es la coordinaci\u00f3n con las diferentes instancias de<br>seguridad estatales y federales, a trav\u00e9s de la Mesa de Seguridad que promueve<br>el Gobierno de Tamaulipas.<br>En su conferencia, el Gral. Brig. DEM Julio C\u00e9sar Islas S\u00e1nchez detall\u00f3 las<br>funciones del Ej\u00e9rcito Mexicano, como son, entre otras, defender la integridad, la<br>independencia y la soberan\u00eda de la naci\u00f3n; garantizar la seguridad interior y<br>auxiliar a la poblaci\u00f3n civil en casos de necesidades p\u00fablicas; y realizar acciones<br>c\u00edvicas y obras sociales para el progreso del pa\u00eds.<br>Al evento asistieron estudiantes de las dependencias de la UAT de esta<br>localidad, padres de familia, representantes empresariales y organismos de la<br>sociedad civil de Ciudad Mante y la regi\u00f3n.<br>Acompa\u00f1aron al rector la Mtra. Ma. del Pilar Garza Aguilar, directora de la<br>Escuela Preparatoria Mante; y el Mtro. Jos\u00e9 Reyna Tinajero, director de la Unidad<br>Acad\u00e9mica Multidisciplinaria Mante.<\/p>\n\n\n\n<p>El general Julio C\u00e9sar Islas S\u00e1nchez es licenciado en Administraci\u00f3n Militar<br>y diplomado de Estado Mayor por la Escuela Superior de Guerra; maestro en<br>Administraci\u00f3n para la Seguridad Interior y Defensa Nacional por el Colegio de la<br>Defensa Nacional.<br>Ha recibido reconocimientos militares y condecoraciones entre las que<br>destacan la medalla \u201cLegi\u00f3n de M\u00e9rito\u201d, otorgada por las Fuerzas Armadas<br>Estadunidenses, y Medalla Especial y Cintillo con Tres Estrellas Doradas de la<br>Junta Interamericana de Defensa.<\/p>\n","protected":false},"excerpt":{"rendered":"<p>05 de Junio Del 2024 La Universidad Aut\u00f3noma de Tamaulipas (UAT) organiz\u00f3 una conferencia sobrelas funciones y el desempe\u00f1o de la Secretar\u00eda de la Defensa Nacional (SEDENA),en el marco de la Reuni\u00f3n de Seguridad que se realiz\u00f3 en la Unidad Acad\u00e9micaMultidisciplinaria Mante.El rector de la UAT, MVZ D\u00e1maso Leonardo Anaya Alvarado, dio labienvenida al general [&hellip;]<\/p>\n","protected":false},"author":1,"featured_media":2787,"comment_status":"open","ping_status":"open","sticky":false,"template":"","format":"standard","meta":{"footnotes":""},"categories":[4],"tags":[],"class_list":["post-2786","post","type-post","status-publish","format-standard","has-post-thumbnail","hentry","category-universidades"],"blog_post_layout_featured_media_urls":{"thumbnail":["https:\/\/elregionaldigital.info\/wp-content\/uploads\/2024\/06\/2-150x150.jpg",150,150,true],"full":["https:\/\/elregionaldigital.info\/wp-content\/uploads\/2024\/06\/2.jpg",2048,1344,false]},"categories_names":{"4":{"name":"Universidades","link":"https:\/\/elregionaldigital.info\/?cat=4"}},"tags_names":[],"comments_number":"0","wpmagazine_modules_lite_featured_media_urls":{"thumbnail":["https:\/\/elregionaldigital.info\/wp-content\/uploads\/2024\/06\/2-150x150.jpg",150,150,true],"cvmm-medium":["https:\/\/elregionaldigital.info\/wp-content\/uploads\/2024\/06\/2-300x300.jpg",300,300,true],"cvmm-medium-plus":["https:\/\/elregionaldigital.info\/wp-content\/uploads\/2024\/06\/2-305x207.jpg",305,207,true],"cvmm-portrait":["https:\/\/elregionaldigital.info\/wp-content\/uploads\/2024\/06\/2-400x600.jpg",400,600,true],"cvmm-medium-square":["https:\/\/elregionaldigital.info\/wp-content\/uploads\/2024\/06\/2-600x600.jpg",600,600,true],"cvmm-large":["https:\/\/elregionaldigital.info\/wp-content\/uploads\/2024\/06\/2-1024x1024.jpg",1024,1024,true],"cvmm-small":["https:\/\/elregionaldigital.info\/wp-content\/uploads\/2024\/06\/2-130x95.jpg",130,95,true],"full":["https:\/\/elregionaldigital.info\/wp-content\/uploads\/2024\/06\/2.jpg",2048,1344,false]},"_links":{"self":[{"href":"https:\/\/elregionaldigital.info\/index.php?rest_route=\/wp\/v2\/posts\/2786","targetHints":{"allow":["GET"]}}],"collection":[{"href":"https:\/\/elregionaldigital.info\/index.php?rest_route=\/wp\/v2\/posts"}],"about":[{"href":"https:\/\/elregionaldigital.info\/index.php?rest_route=\/wp\/v2\/types\/post"}],"author":[{"embeddable":true,"href":"https:\/\/elregionaldigital.info\/index.php?rest_route=\/wp\/v2\/users\/1"}],"replies":[{"embeddable":true,"href":"https:\/\/elregionaldigital.info\/index.php?rest_route=%2Fwp%2Fv2%2Fcomments&post=2786"}],"version-history":[{"count":1,"href":"https:\/\/elregionaldigital.info\/index.php?rest_route=\/wp\/v2\/posts\/2786\/revisions"}],"predecessor-version":[{"id":2788,"href":"https:\/\/elregionaldigital.info\/index.php?rest_route=\/wp\/v2\/posts\/2786\/revisions\/2788"}],"wp:featuredmedia":[{"embeddable":true,"href":"https:\/\/elregionaldigital.info\/index.php?rest_route=\/wp\/v2\/media\/2787"}],"wp:attachment":[{"href":"https:\/\/elregionaldigital.info\/index.php?rest_route=%2Fwp%2Fv2%2Fmedia&parent=2786"}],"wp:term":[{"taxonomy":"category","embeddable":true,"href":"https:\/\/elregionaldigital.info\/index.php?rest_route=%2Fwp%2Fv2%2Fcategories&post=2786"},{"taxonomy":"post_tag","embeddable":true,"href":"https:\/\/elregionaldigital.info\/index.php?rest_route=%2Fwp%2Fv2%2Ftags&post=2786"}],"curies":[{"name":"wp","href":"https:\/\/api.w.org\/{rel}","templated":true}]}}