{"id":2779,"date":"2024-06-03T16:13:31","date_gmt":"2024-06-03T16:13:31","guid":{"rendered":"http:\/\/elregionaldigital.info\/?p=2779"},"modified":"2024-06-05T16:14:36","modified_gmt":"2024-06-05T16:14:36","slug":"180-mil-mexicanos-votaron-en-el-extranjero-s","status":"publish","type":"post","link":"https:\/\/elregionaldigital.info\/?p=2779","title":{"rendered":"180 mil mexicanos votaron en el extranjero, s"},"content":{"rendered":"\n<figure class=\"wp-block-image\"><a href=\"https:\/\/laverdad.com.mx\/wp-content\/uploads\/2024\/06\/Shein-5.jpg\"><img decoding=\"async\" src=\"https:\/\/laverdad.com.mx\/wp-content\/uploads\/2024\/06\/Shein-5-750x450.jpg\" alt=\"M\u00e1s de 180 mil mexicanos votaron desde el extranjero, seg\u00fan estimaciones del INE\"\/><\/a><\/figure>\n\n\n\n<p>El Instituto Nacional Electoral (INE) de M\u00e9xico estim\u00f3 este domingo que se recibieron 180.676 votos de mexicanas y mexicanos residentes en el extranjero para los cargos de presidencia del pa\u00eds, senadur\u00edas, siete gobiernos estatales y cuatro diputaciones locales.<\/p>\n\n\n\n<p>En una conferencia de prensa, Arturo Castillo, consejero del INE, destac\u00f3 que la participaci\u00f3n de los mexicanos en el extranjero \u201cha sido espectacular\u201d. Subray\u00f3 la afluencia no solo en las 23 sedes consulares, sino tambi\u00e9n a trav\u00e9s del voto electr\u00f3nico por internet y el voto postal.<\/p>\n\n\n\n<p>Por su parte, la canciller mexicana, Alicia B\u00e1rcena, afirm\u00f3 en su cuenta de la red social X que la votaci\u00f3n de los mexicanos en el exterior mostr\u00f3 una \u201cafluencia extraordinaria\u201d. B\u00e1rcena se\u00f1al\u00f3 que, con imparcialidad y respeto a la autonom\u00eda del INE, se mantuvo junto con el personal de la Secretar\u00eda de Relaciones Exteriores atenta al proceso de votaci\u00f3n presencial de la comunidad mexicana en el exterior.<\/p>\n\n\n\n<p>Claudia Zavala, tambi\u00e9n consejera del INE, a\u00f1adi\u00f3 que los mexicanos en el extranjero demostraron \u201ccon creces\u201d su deseo de participar en la vida p\u00fablica y ejercer sus derechos pol\u00edticos.<\/p>\n\n\n\n<p>Desde temprano este domingo, centenares de mexicanos en el extranjero, en su mayor\u00eda en Estados Unidos, se dieron cita en los consulados para ejercer su voto. Seg\u00fan el INE, 258.461 personas estaban habilitadas para votar desde el extranjero en estas elecciones, las m\u00e1s grandes de la historia de M\u00e9xico, con m\u00e1s de 98 millones de personas en el padr\u00f3n electoral.<\/p>\n\n\n\n<p>Adem\u00e1s de las opciones de voto por correo y en l\u00ednea, muchos mexicanos eligieron votar en 23 sedes consulares, 20 de las cuales se encuentran en Estados Unidos, adem\u00e1s de una en Montreal, Par\u00eds y Madrid.<\/p>\n\n\n\n<p>Algunas organizaciones estimaron que al menos 150.000 mexicanos en el extranjero votar\u00edan, en comparaci\u00f3n con los 98.470 registrados en 2018, cuando gan\u00f3 el actual presidente de M\u00e9xico, Andr\u00e9s Manuel L\u00f3pez Obrador.<\/p>\n","protected":false},"excerpt":{"rendered":"<p>El Instituto Nacional Electoral (INE) de M\u00e9xico estim\u00f3 este domingo que se recibieron 180.676 votos de mexicanas y mexicanos residentes en el extranjero para los cargos de presidencia del pa\u00eds, senadur\u00edas, siete gobiernos estatales y cuatro diputaciones locales. En una conferencia de prensa, Arturo Castillo, consejero del INE, destac\u00f3 que la participaci\u00f3n de los mexicanos [&hellip;]<\/p>\n","protected":false},"author":1,"featured_media":2780,"comment_status":"open","ping_status":"open","sticky":false,"template":"","format":"standard","meta":{"footnotes":""},"categories":[11],"tags":[],"class_list":["post-2779","post","type-post","status-publish","format-standard","has-post-thumbnail","hentry","category-mundo"],"blog_post_layout_featured_media_urls":{"thumbnail":["https:\/\/elregionaldigital.info\/wp-content\/uploads\/2024\/06\/mexicanos-residentes-en-el-extranjero-150x150.jpg",150,150,true],"full":["https:\/\/elregionaldigital.info\/wp-content\/uploads\/2024\/06\/mexicanos-residentes-en-el-extranjero.jpg",1200,800,false]},"categories_names":{"11":{"name":"Mundo","link":"https:\/\/elregionaldigital.info\/?cat=11"}},"tags_names":[],"comments_number":"0","wpmagazine_modules_lite_featured_media_urls":{"thumbnail":["https:\/\/elregionaldigital.info\/wp-content\/uploads\/2024\/06\/mexicanos-residentes-en-el-extranjero-150x150.jpg",150,150,true],"cvmm-medium":["https:\/\/elregionaldigital.info\/wp-content\/uploads\/2024\/06\/mexicanos-residentes-en-el-extranjero-300x300.jpg",300,300,true],"cvmm-medium-plus":["https:\/\/elregionaldigital.info\/wp-content\/uploads\/2024\/06\/mexicanos-residentes-en-el-extranjero-305x207.jpg",305,207,true],"cvmm-portrait":["https:\/\/elregionaldigital.info\/wp-content\/uploads\/2024\/06\/mexicanos-residentes-en-el-extranjero-400x600.jpg",400,600,true],"cvmm-medium-square":["https:\/\/elregionaldigital.info\/wp-content\/uploads\/2024\/06\/mexicanos-residentes-en-el-extranjero-600x600.jpg",600,600,true],"cvmm-large":["https:\/\/elregionaldigital.info\/wp-content\/uploads\/2024\/06\/mexicanos-residentes-en-el-extranjero-1024x800.jpg",1024,800,true],"cvmm-small":["https:\/\/elregionaldigital.info\/wp-content\/uploads\/2024\/06\/mexicanos-residentes-en-el-extranjero-130x95.jpg",130,95,true],"full":["https:\/\/elregionaldigital.info\/wp-content\/uploads\/2024\/06\/mexicanos-residentes-en-el-extranjero.jpg",1200,800,false]},"_links":{"self":[{"href":"https:\/\/elregionaldigital.info\/index.php?rest_route=\/wp\/v2\/posts\/2779","targetHints":{"allow":["GET"]}}],"collection":[{"href":"https:\/\/elregionaldigital.info\/index.php?rest_route=\/wp\/v2\/posts"}],"about":[{"href":"https:\/\/elregionaldigital.info\/index.php?rest_route=\/wp\/v2\/types\/post"}],"author":[{"embeddable":true,"href":"https:\/\/elregionaldigital.info\/index.php?rest_route=\/wp\/v2\/users\/1"}],"replies":[{"embeddable":true,"href":"https:\/\/elregionaldigital.info\/index.php?rest_route=%2Fwp%2Fv2%2Fcomments&post=2779"}],"version-history":[{"count":1,"href":"https:\/\/elregionaldigital.info\/index.php?rest_route=\/wp\/v2\/posts\/2779\/revisions"}],"predecessor-version":[{"id":2781,"href":"https:\/\/elregionaldigital.info\/index.php?rest_route=\/wp\/v2\/posts\/2779\/revisions\/2781"}],"wp:featuredmedia":[{"embeddable":true,"href":"https:\/\/elregionaldigital.info\/index.php?rest_route=\/wp\/v2\/media\/2780"}],"wp:attachment":[{"href":"https:\/\/elregionaldigital.info\/index.php?rest_route=%2Fwp%2Fv2%2Fmedia&parent=2779"}],"wp:term":[{"taxonomy":"category","embeddable":true,"href":"https:\/\/elregionaldigital.info\/index.php?rest_route=%2Fwp%2Fv2%2Fcategories&post=2779"},{"taxonomy":"post_tag","embeddable":true,"href":"https:\/\/elregionaldigital.info\/index.php?rest_route=%2Fwp%2Fv2%2Ftags&post=2779"}],"curies":[{"name":"wp","href":"https:\/\/api.w.org\/{rel}","templated":true}]}}