{"id":2775,"date":"2024-06-04T16:05:09","date_gmt":"2024-06-04T16:05:09","guid":{"rendered":"http:\/\/elregionaldigital.info\/?p=2775"},"modified":"2024-06-05T16:12:27","modified_gmt":"2024-06-05T16:12:27","slug":"matheus-nunes-convocado-al-portugal","status":"publish","type":"post","link":"https:\/\/elregionaldigital.info\/?p=2775","title":{"rendered":"Matheus Nunes convocado al Portugal"},"content":{"rendered":"\n<figure class=\"wp-block-image size-full\"><img loading=\"lazy\" decoding=\"async\" width=\"300\" height=\"168\" src=\"http:\/\/elregionaldigital.info\/wp-content\/uploads\/2024\/06\/images-5.jpg\" alt=\"\" class=\"wp-image-2776\"\/><\/figure>\n\n\n\n<p>El seleccionador de Portugal, el espa\u00f1ol Roberto Mart\u00ednez, ha convocado este lunes a Matheus Nunes, centrocampista del Manchester City, para sustituir a Ot\u00e1vio, quien se perder\u00e1 la Eurocopa de Alemania 2024 por lesi\u00f3n.<\/p>\n\n\n\n<p>Ot\u00e1vio se lesion\u00f3 en su \u00faltimo partido con el Al Nassr saud\u00ed, el club de Cristiano Ronaldo, y tras los ex\u00e1menes m\u00e9dicos realizados por la Federaci\u00f3n, se ha confirmado que no se recuperar\u00e1 a tiempo para el torneo.<\/p>\n\n\n\n<p>Nunes, de 25 a\u00f1os, acaba de finalizar su primera temporada bajo la direcci\u00f3n de Guardiola en el Manchester City. Anteriormente, jug\u00f3 en el Wolverhampton y en el Sporting de Portugal, donde fue campe\u00f3n y realiz\u00f3 parte de su formaci\u00f3n.<\/p>\n\n\n\n<p>Al igual que Ot\u00e1vio, Nunes naci\u00f3 en Brasil, pero representa a la selecci\u00f3n portuguesa, con la que ha disputado 12 partidos y ha marcado 2 goles. Tambi\u00e9n fue parte de la convocatoria para el Mundial de Catar 2022.<\/p>\n\n\n\n<p>Portugal inicia su preparaci\u00f3n para la Eurocopa el martes con un amistoso contra Finlandia en el Estadio Jos\u00e9 Alvalade de Lisboa. Luego, se enfrentar\u00e1 a la Croacia de Luka Modric el d\u00eda 8 en el Estadio Nacional de Oeiras y el d\u00eda 11 contra Irlanda en Aveiro.<\/p>\n\n\n\n<p>En Alemania, Portugal competir\u00e1 en el grupo F junto a Turqu\u00eda, Rep\u00fablica Checa y Georgia.<\/p>\n","protected":false},"excerpt":{"rendered":"<p>El seleccionador de Portugal, el espa\u00f1ol Roberto Mart\u00ednez, ha convocado este lunes a Matheus Nunes, centrocampista del Manchester City, para sustituir a Ot\u00e1vio, quien se perder\u00e1 la Eurocopa de Alemania 2024 por lesi\u00f3n. Ot\u00e1vio se lesion\u00f3 en su \u00faltimo partido con el Al Nassr saud\u00ed, el club de Cristiano Ronaldo, y tras los ex\u00e1menes m\u00e9dicos [&hellip;]<\/p>\n","protected":false},"author":1,"featured_media":2777,"comment_status":"open","ping_status":"open","sticky":false,"template":"","format":"standard","meta":{"footnotes":""},"categories":[6],"tags":[],"class_list":["post-2775","post","type-post","status-publish","format-standard","has-post-thumbnail","hentry","category-deportes"],"blog_post_layout_featured_media_urls":{"thumbnail":["https:\/\/elregionaldigital.info\/wp-content\/uploads\/2024\/06\/images-5-1-150x150.jpg",150,150,true],"full":["https:\/\/elregionaldigital.info\/wp-content\/uploads\/2024\/06\/images-5-1.jpg",300,168,false]},"categories_names":{"6":{"name":"Deportes","link":"https:\/\/elregionaldigital.info\/?cat=6"}},"tags_names":[],"comments_number":"0","wpmagazine_modules_lite_featured_media_urls":{"thumbnail":["https:\/\/elregionaldigital.info\/wp-content\/uploads\/2024\/06\/images-5-1-150x150.jpg",150,150,true],"cvmm-medium":["https:\/\/elregionaldigital.info\/wp-content\/uploads\/2024\/06\/images-5-1.jpg",300,168,false],"cvmm-medium-plus":["https:\/\/elregionaldigital.info\/wp-content\/uploads\/2024\/06\/images-5-1.jpg",300,168,false],"cvmm-portrait":["https:\/\/elregionaldigital.info\/wp-content\/uploads\/2024\/06\/images-5-1.jpg",300,168,false],"cvmm-medium-square":["https:\/\/elregionaldigital.info\/wp-content\/uploads\/2024\/06\/images-5-1.jpg",300,168,false],"cvmm-large":["https:\/\/elregionaldigital.info\/wp-content\/uploads\/2024\/06\/images-5-1.jpg",300,168,false],"cvmm-small":["https:\/\/elregionaldigital.info\/wp-content\/uploads\/2024\/06\/images-5-1-130x95.jpg",130,95,true],"full":["https:\/\/elregionaldigital.info\/wp-content\/uploads\/2024\/06\/images-5-1.jpg",300,168,false]},"_links":{"self":[{"href":"https:\/\/elregionaldigital.info\/index.php?rest_route=\/wp\/v2\/posts\/2775","targetHints":{"allow":["GET"]}}],"collection":[{"href":"https:\/\/elregionaldigital.info\/index.php?rest_route=\/wp\/v2\/posts"}],"about":[{"href":"https:\/\/elregionaldigital.info\/index.php?rest_route=\/wp\/v2\/types\/post"}],"author":[{"embeddable":true,"href":"https:\/\/elregionaldigital.info\/index.php?rest_route=\/wp\/v2\/users\/1"}],"replies":[{"embeddable":true,"href":"https:\/\/elregionaldigital.info\/index.php?rest_route=%2Fwp%2Fv2%2Fcomments&post=2775"}],"version-history":[{"count":1,"href":"https:\/\/elregionaldigital.info\/index.php?rest_route=\/wp\/v2\/posts\/2775\/revisions"}],"predecessor-version":[{"id":2778,"href":"https:\/\/elregionaldigital.info\/index.php?rest_route=\/wp\/v2\/posts\/2775\/revisions\/2778"}],"wp:featuredmedia":[{"embeddable":true,"href":"https:\/\/elregionaldigital.info\/index.php?rest_route=\/wp\/v2\/media\/2777"}],"wp:attachment":[{"href":"https:\/\/elregionaldigital.info\/index.php?rest_route=%2Fwp%2Fv2%2Fmedia&parent=2775"}],"wp:term":[{"taxonomy":"category","embeddable":true,"href":"https:\/\/elregionaldigital.info\/index.php?rest_route=%2Fwp%2Fv2%2Fcategories&post=2775"},{"taxonomy":"post_tag","embeddable":true,"href":"https:\/\/elregionaldigital.info\/index.php?rest_route=%2Fwp%2Fv2%2Ftags&post=2775"}],"curies":[{"name":"wp","href":"https:\/\/api.w.org\/{rel}","templated":true}]}}