{"id":2754,"date":"2024-06-03T15:42:32","date_gmt":"2024-06-03T15:42:32","guid":{"rendered":"http:\/\/elregionaldigital.info\/?p=2754"},"modified":"2024-06-05T15:43:33","modified_gmt":"2024-06-05T15:43:33","slug":"ofrece-la-uat-dos-nuevas-especialidades-en-enfermeria","status":"publish","type":"post","link":"https:\/\/elregionaldigital.info\/?p=2754","title":{"rendered":"Ofrece la UAT dos nuevas especialidades en enfermer\u00eda"},"content":{"rendered":"\n<p>La Universidad Aut\u00f3noma de Tamaulipas (UAT) abri\u00f3 en Ciudad Victoria dos<br>nuevas especialidades en \u00e1reas de la enfermer\u00eda que ofrecen oportunidades de<br>desarrollo a las y los profesionales en este campo de la salud.<br>La Especialidad en Enfermer\u00eda Perioperatoria y la Especialidad en<br>Enfermer\u00eda del Adulto en Estado Cr\u00edtico son las dos nuevas opciones educativas<br>que ser\u00e1n impartidas. La fecha l\u00edmite para el registro de aspirantes es el 7 de junio<br>de 2024.<br>Estos programas de nivel posgrado son ofertados por la Facultad de<br>Enfermer\u00eda Victoria. Las personas interesadas pueden solicitar informes llamando<br>a los tel\u00e9fonos 834 103 3438 y 834 318 1800, extensi\u00f3n 1485, o al WhatsApp 565<br>014 0118; visitando la p\u00e1gina oficial de Facebook o acudiendo al plantel ubicado<br>en el Campus Consorcio de la Salud, en Ciudad Victoria.<br>Entre otras fechas importantes, el 29 de junio las personas aspirantes<br>deber\u00e1n presentar el examen EXANI III del CENEVAL; el examen TOEFL est\u00e1<br>programado del 8 al 12 de julio, y la entrevista con el Comit\u00e9 de Admisi\u00f3n se<br>realizar\u00e1 del 15 al 18 de julio.<br>La publicaci\u00f3n de resultados se emitir\u00e1 el 5 de agosto. Posteriormente, las<br>inscripciones se llevar\u00e1n a cabo del 5 al 8 de agosto, para iniciar clases el 12 de<br>agosto de 2024.<br>La Especialidad en Enfermer\u00eda Perioperatoria tiene como prop\u00f3sito formar<br>profesionistas competentes en el conocimiento de las t\u00e9cnicas m\u00e9dico-quir\u00fargicas<br>necesarias en esta disciplina, y aptos para brindar con un sentido \u00e9tico y<br>humanista la seguridad y bienestar del individuo.<\/p>\n\n\n\n<p>Por su parte, la Especialidad en Enfermer\u00eda del Adulto en Estado Cr\u00edtico<br>ofrece la oportunidad de desarrollar la profesi\u00f3n con los conocimientos te\u00f3ricos,<br>las metodolog\u00edas e instrumentos para ejercer la pr\u00e1ctica especializada en el<br>cuidado intensivo humanizado e integral de los pacientes en estado cr\u00edtico.<\/p>\n","protected":false},"excerpt":{"rendered":"<p>La Universidad Aut\u00f3noma de Tamaulipas (UAT) abri\u00f3 en Ciudad Victoria dosnuevas especialidades en \u00e1reas de la enfermer\u00eda que ofrecen oportunidades dedesarrollo a las y los profesionales en este campo de la salud.La Especialidad en Enfermer\u00eda Perioperatoria y la Especialidad enEnfermer\u00eda del Adulto en Estado Cr\u00edtico son las dos nuevas opciones educativasque ser\u00e1n impartidas. La fecha [&hellip;]<\/p>\n","protected":false},"author":1,"featured_media":2755,"comment_status":"open","ping_status":"open","sticky":false,"template":"","format":"standard","meta":{"footnotes":""},"categories":[4],"tags":[],"class_list":["post-2754","post","type-post","status-publish","format-standard","has-post-thumbnail","hentry","category-universidades"],"blog_post_layout_featured_media_urls":{"thumbnail":["https:\/\/elregionaldigital.info\/wp-content\/uploads\/2024\/06\/foto-1-FEV-03-06-2024-150x150.jpg",150,150,true],"full":["https:\/\/elregionaldigital.info\/wp-content\/uploads\/2024\/06\/foto-1-FEV-03-06-2024-scaled.jpg",2560,1707,false]},"categories_names":{"4":{"name":"Universidades","link":"https:\/\/elregionaldigital.info\/?cat=4"}},"tags_names":[],"comments_number":"0","wpmagazine_modules_lite_featured_media_urls":{"thumbnail":["https:\/\/elregionaldigital.info\/wp-content\/uploads\/2024\/06\/foto-1-FEV-03-06-2024-150x150.jpg",150,150,true],"cvmm-medium":["https:\/\/elregionaldigital.info\/wp-content\/uploads\/2024\/06\/foto-1-FEV-03-06-2024-300x300.jpg",300,300,true],"cvmm-medium-plus":["https:\/\/elregionaldigital.info\/wp-content\/uploads\/2024\/06\/foto-1-FEV-03-06-2024-305x207.jpg",305,207,true],"cvmm-portrait":["https:\/\/elregionaldigital.info\/wp-content\/uploads\/2024\/06\/foto-1-FEV-03-06-2024-400x600.jpg",400,600,true],"cvmm-medium-square":["https:\/\/elregionaldigital.info\/wp-content\/uploads\/2024\/06\/foto-1-FEV-03-06-2024-600x600.jpg",600,600,true],"cvmm-large":["https:\/\/elregionaldigital.info\/wp-content\/uploads\/2024\/06\/foto-1-FEV-03-06-2024-1024x1024.jpg",1024,1024,true],"cvmm-small":["https:\/\/elregionaldigital.info\/wp-content\/uploads\/2024\/06\/foto-1-FEV-03-06-2024-130x95.jpg",130,95,true],"full":["https:\/\/elregionaldigital.info\/wp-content\/uploads\/2024\/06\/foto-1-FEV-03-06-2024-scaled.jpg",2560,1707,false]},"_links":{"self":[{"href":"https:\/\/elregionaldigital.info\/index.php?rest_route=\/wp\/v2\/posts\/2754","targetHints":{"allow":["GET"]}}],"collection":[{"href":"https:\/\/elregionaldigital.info\/index.php?rest_route=\/wp\/v2\/posts"}],"about":[{"href":"https:\/\/elregionaldigital.info\/index.php?rest_route=\/wp\/v2\/types\/post"}],"author":[{"embeddable":true,"href":"https:\/\/elregionaldigital.info\/index.php?rest_route=\/wp\/v2\/users\/1"}],"replies":[{"embeddable":true,"href":"https:\/\/elregionaldigital.info\/index.php?rest_route=%2Fwp%2Fv2%2Fcomments&post=2754"}],"version-history":[{"count":1,"href":"https:\/\/elregionaldigital.info\/index.php?rest_route=\/wp\/v2\/posts\/2754\/revisions"}],"predecessor-version":[{"id":2756,"href":"https:\/\/elregionaldigital.info\/index.php?rest_route=\/wp\/v2\/posts\/2754\/revisions\/2756"}],"wp:featuredmedia":[{"embeddable":true,"href":"https:\/\/elregionaldigital.info\/index.php?rest_route=\/wp\/v2\/media\/2755"}],"wp:attachment":[{"href":"https:\/\/elregionaldigital.info\/index.php?rest_route=%2Fwp%2Fv2%2Fmedia&parent=2754"}],"wp:term":[{"taxonomy":"category","embeddable":true,"href":"https:\/\/elregionaldigital.info\/index.php?rest_route=%2Fwp%2Fv2%2Fcategories&post=2754"},{"taxonomy":"post_tag","embeddable":true,"href":"https:\/\/elregionaldigital.info\/index.php?rest_route=%2Fwp%2Fv2%2Ftags&post=2754"}],"curies":[{"name":"wp","href":"https:\/\/api.w.org\/{rel}","templated":true}]}}