{"id":2724,"date":"2024-05-21T18:29:10","date_gmt":"2024-05-21T18:29:10","guid":{"rendered":"http:\/\/elregionaldigital.info\/?p=2724"},"modified":"2024-06-04T18:29:53","modified_gmt":"2024-06-04T18:29:53","slug":"vive-la-uat-una-fiesta-para-recibir-a-estudiantes-de-bachillerato","status":"publish","type":"post","link":"https:\/\/elregionaldigital.info\/?p=2724","title":{"rendered":"Vive La UAT Una Fiesta Para Recibir A Estudiantes De Bachillerato"},"content":{"rendered":"\n<figure class=\"wp-block-image\"><img decoding=\"async\" src=\"https:\/\/noticierotamaulipeco.info\/wp-content\/uploads\/2024\/06\/1-1024x683.jpg\" alt=\"\"\/><\/figure>\n\n\n\n<p>El rector D\u00e1maso Leonardo Anaya Alvarado puso en marcha el magno evento \u201cS\u00e9<br>UAT\u201d, organizado por la Universidad Aut\u00f3noma de Tamaulipas para mostrarle a la<br>juventud su amplia oferta educativa y la diversidad de programas y servicios que<br>les ofrece para que cumplan con \u00e9xito una formaci\u00f3n profesional integral,<br>humanista y comprometida con el desarrollo de la sociedad.<br>El Gimnasio Multidisciplinario del Campus Victoria vivi\u00f3 una aut\u00e9ntica fiesta<br>para recibir alrededor de dos mil estudiantes de bachillerato que acudieron a<br>visitar la exposici\u00f3n \u201cS\u00e9 UAT\u201d, adem\u00e1s de asistir a los recorridos que se<br>programaron en las facultades y unidades acad\u00e9micas de la m\u00e1xima casa de<br>estudios en esta capital.<br>En su mensaje de bienvenida, el MVZ D\u00e1maso Anaya destac\u00f3 que la UAT<br>es la instituci\u00f3n de educaci\u00f3n superior m\u00e1s fuerte del estado con alrededor de<br>cuarenta mil alumnos y m\u00e1s de ochenta carreras, y reafirm\u00f3 el compromiso de la<br>casa de estudios por brindar servicios educativos de calidad.<br>La UAT tiene todo para que cumplan con \u00e9xito su educaci\u00f3n profesional<\/p>\n\n\n\n<p>Recalc\u00f3 el rector que se ha organizado el evento \u201cS\u00e9 UAT\u201d para ofrecer un<br>espacio en el cual los estudiantes que est\u00e1n a punto de egresar del bachillerato<br>conozcan la Universidad, sus programas, instalaciones y todos los servicios<br>adicionales que se prestan.<br>\u201cLa UAT tiene pr\u00e1cticamente todo lo que necesitan para desarrollarse<br>profesionalmente. Hicimos una log\u00edstica para que vayan conociendo cada facultad,<br>qu\u00e9 es lo que les puede aportar que les agrade y se queden en la UAT\u201d, indic\u00f3.<br>El Gimnasio Multidisciplinario abri\u00f3 sus puertas desde las nueve de la<br>ma\u00f1ana de este martes para recibir a los j\u00f3venes que disfrutaron del programa<br>organizado por la Secretar\u00eda de Gesti\u00f3n Escolar de la UAT, mediante eventos<\/p>\n\n\n\n<p>musicales, exposiciones deportivas, acad\u00e9micas, vocacionales y cient\u00edficas.<br>Estuvieron estudiantes del Instituto Tamaulipeco de Capacitaci\u00f3n para el<br>Empleo (ITACE), de la Escuela Preparatoria Federalizada 1, del Colegio Nacional<br>de Educaci\u00f3n Profesional T\u00e9cnica (CONALEP), Centros de Bachillerato<br>Tecnol\u00f3gico (CBTIS), entre otras instituciones de educaci\u00f3n media superior.<br>Se organizaron recorridos para mostrar las instalaciones y laboratorios del<br>Campus Victoria, adem\u00e1s de difundir los servicios y programas educativos de las<br>facultades y unidades acad\u00e9micas de los Campus Sur, Norte y Mante.<\/p>\n","protected":false},"excerpt":{"rendered":"<p>El rector D\u00e1maso Leonardo Anaya Alvarado puso en marcha el magno evento \u201cS\u00e9UAT\u201d, organizado por la Universidad Aut\u00f3noma de Tamaulipas para mostrarle a lajuventud su amplia oferta educativa y la diversidad de programas y servicios queles ofrece para que cumplan con \u00e9xito una formaci\u00f3n profesional integral,humanista y comprometida con el desarrollo de la sociedad.El Gimnasio [&hellip;]<\/p>\n","protected":false},"author":1,"featured_media":2725,"comment_status":"open","ping_status":"open","sticky":false,"template":"","format":"standard","meta":{"footnotes":""},"categories":[4],"tags":[],"class_list":["post-2724","post","type-post","status-publish","format-standard","has-post-thumbnail","hentry","category-universidades"],"blog_post_layout_featured_media_urls":{"thumbnail":["https:\/\/elregionaldigital.info\/wp-content\/uploads\/2024\/06\/4-150x150.jpg",150,150,true],"full":["https:\/\/elregionaldigital.info\/wp-content\/uploads\/2024\/06\/4.jpg",2048,1365,false]},"categories_names":{"4":{"name":"Universidades","link":"https:\/\/elregionaldigital.info\/?cat=4"}},"tags_names":[],"comments_number":"0","wpmagazine_modules_lite_featured_media_urls":{"thumbnail":["https:\/\/elregionaldigital.info\/wp-content\/uploads\/2024\/06\/4-150x150.jpg",150,150,true],"cvmm-medium":["https:\/\/elregionaldigital.info\/wp-content\/uploads\/2024\/06\/4-300x300.jpg",300,300,true],"cvmm-medium-plus":["https:\/\/elregionaldigital.info\/wp-content\/uploads\/2024\/06\/4-305x207.jpg",305,207,true],"cvmm-portrait":["https:\/\/elregionaldigital.info\/wp-content\/uploads\/2024\/06\/4-400x600.jpg",400,600,true],"cvmm-medium-square":["https:\/\/elregionaldigital.info\/wp-content\/uploads\/2024\/06\/4-600x600.jpg",600,600,true],"cvmm-large":["https:\/\/elregionaldigital.info\/wp-content\/uploads\/2024\/06\/4-1024x1024.jpg",1024,1024,true],"cvmm-small":["https:\/\/elregionaldigital.info\/wp-content\/uploads\/2024\/06\/4-130x95.jpg",130,95,true],"full":["https:\/\/elregionaldigital.info\/wp-content\/uploads\/2024\/06\/4.jpg",2048,1365,false]},"_links":{"self":[{"href":"https:\/\/elregionaldigital.info\/index.php?rest_route=\/wp\/v2\/posts\/2724","targetHints":{"allow":["GET"]}}],"collection":[{"href":"https:\/\/elregionaldigital.info\/index.php?rest_route=\/wp\/v2\/posts"}],"about":[{"href":"https:\/\/elregionaldigital.info\/index.php?rest_route=\/wp\/v2\/types\/post"}],"author":[{"embeddable":true,"href":"https:\/\/elregionaldigital.info\/index.php?rest_route=\/wp\/v2\/users\/1"}],"replies":[{"embeddable":true,"href":"https:\/\/elregionaldigital.info\/index.php?rest_route=%2Fwp%2Fv2%2Fcomments&post=2724"}],"version-history":[{"count":1,"href":"https:\/\/elregionaldigital.info\/index.php?rest_route=\/wp\/v2\/posts\/2724\/revisions"}],"predecessor-version":[{"id":2726,"href":"https:\/\/elregionaldigital.info\/index.php?rest_route=\/wp\/v2\/posts\/2724\/revisions\/2726"}],"wp:featuredmedia":[{"embeddable":true,"href":"https:\/\/elregionaldigital.info\/index.php?rest_route=\/wp\/v2\/media\/2725"}],"wp:attachment":[{"href":"https:\/\/elregionaldigital.info\/index.php?rest_route=%2Fwp%2Fv2%2Fmedia&parent=2724"}],"wp:term":[{"taxonomy":"category","embeddable":true,"href":"https:\/\/elregionaldigital.info\/index.php?rest_route=%2Fwp%2Fv2%2Fcategories&post=2724"},{"taxonomy":"post_tag","embeddable":true,"href":"https:\/\/elregionaldigital.info\/index.php?rest_route=%2Fwp%2Fv2%2Ftags&post=2724"}],"curies":[{"name":"wp","href":"https:\/\/api.w.org\/{rel}","templated":true}]}}