{"id":272,"date":"2022-10-13T15:12:08","date_gmt":"2022-10-13T15:12:08","guid":{"rendered":"http:\/\/elregionaldigital.info\/?p=272"},"modified":"2022-10-13T15:12:09","modified_gmt":"2022-10-13T15:12:09","slug":"americo-tiene-todo-el-respaldo-regresare-con-todo-el-gabinete-para-apoyarlo-amlo","status":"publish","type":"post","link":"https:\/\/elregionaldigital.info\/?p=272","title":{"rendered":"AM\u00c9RICO TIENE TODO EL RESPALDO; \u201cREGRESAR\u00c9 CON TODO EL GABINETE PARA APOYARLO\u201d: AMLO"},"content":{"rendered":"\n<figure class=\"wp-block-image size-full\"><img loading=\"lazy\" decoding=\"async\" width=\"850\" height=\"500\" src=\"http:\/\/elregionaldigital.info\/wp-content\/uploads\/2022\/10\/024-2022.-Americo-tiene-todo-el-respaldo-regresare-con-todo-el-gabinete-para-apoyarlo-AMLO-1-850x500-1.jpeg\" alt=\"\" class=\"wp-image-273\" srcset=\"https:\/\/elregionaldigital.info\/wp-content\/uploads\/2022\/10\/024-2022.-Americo-tiene-todo-el-respaldo-regresare-con-todo-el-gabinete-para-apoyarlo-AMLO-1-850x500-1.jpeg 850w, https:\/\/elregionaldigital.info\/wp-content\/uploads\/2022\/10\/024-2022.-Americo-tiene-todo-el-respaldo-regresare-con-todo-el-gabinete-para-apoyarlo-AMLO-1-850x500-1-300x176.jpeg 300w, https:\/\/elregionaldigital.info\/wp-content\/uploads\/2022\/10\/024-2022.-Americo-tiene-todo-el-respaldo-regresare-con-todo-el-gabinete-para-apoyarlo-AMLO-1-850x500-1-768x452.jpeg 768w\" sizes=\"auto, (max-width: 850px) 100vw, 850px\" \/><\/figure>\n\n\n\n<p>Octubre 09 del 2022<\/p>\n\n\n\n<p>Ciudad Madero, Tamaulipas.- El Presidente Andr\u00e9s Manuel L\u00f3pez Obrador asegur\u00f3 que el pueblo de Tamaulipas es un ejemplo \u00abporque ustedes hicieron valer la democracia\u00bb y anunci\u00f3 que regresar\u00e1 con todo el gabinete para apoyar a\u00fan m\u00e1s al Gobernador Am\u00e9rico Villarreal.<\/p>\n\n\n\n<p>\u00abUna bendici\u00f3n que ganara Am\u00e9rico Villarreal\u2026tienen un buen Gobernador\u00bb, expres\u00f3 el Presidente, mientras saludaba a los ciudadanos que entusiastamente se acercaron a su veh\u00edculo, para estrechar su mano y expresarle muestras de afecto.<\/p>\n\n\n\n<p>\u00abEs un honor estar con Obrador\u00bb, corearon algunos de los presentes, mientras otros le gritaban \u00aberes un freg\u00f3n\u00bb.<\/p>\n\n\n\n<p>A su salida de la refiner\u00eda, \u2018Francisco I. Madero\u2019, en donde encabez\u00f3 una reuni\u00f3n de supervisi\u00f3n a los trabajos de rehabilitaci\u00f3n en el complejo de Petr\u00f3leos Mexicanos, la tarde de este domingo, el Presidente reiter\u00f3 que el Gobernador Am\u00e9rico Villarreal tiene todo el respaldo del Gobierno Federal.<\/p>\n\n\n\n<p>Sobre los trabajos en la refiner\u00eda Madero, L\u00f3pez Obrador indic\u00f3 que \u00abva avanzando y vamos a invertir m\u00e1s\u00bb, dijo.<\/p>\n\n\n\n<p>\u00abLa refiner\u00eda Madero que estaba parada cuando llegamos al gobierno, ahora despu\u00e9s de invertirle 8 mil millones de pesos est\u00e1 procesando 105 mil barriles diarios de petr\u00f3leo\u00bb, escribi\u00f3 el presidente en sus redes sociales, luego de la reuni\u00f3n de trabajo.<\/p>\n\n\n\n<p>\u00abMe acompa\u00f1\u00f3 el Gobernador Am\u00e9rico Villarreal y me compromet\u00ed a regresar con todo el gabinete para apoyar a\u00fan m\u00e1s al pueblo de Tamaulipas\u00bb, agreg\u00f3 en su publicaci\u00f3n.<\/p>\n\n\n\n<p>En la reuni\u00f3n de trabajo en la refiner\u00eda Madero tambi\u00e9n estuvieron presentes la Secretaria de Energ\u00eda, Roc\u00edo Nahle y el Director General de Pemex Octavio Romero Oropeza.<\/p>\n\n\n\n<p>Por su parte, el Gobernador Am\u00e9rico Villarreal Anaya se dirigi\u00f3 al Presidente de M\u00e9xico y asegur\u00f3 que Tamaulipas se sumar\u00e1 con voluntad y trabajo para contribuir a lograr la paz con justicia y un desarrollo equitativo en beneficio de los m\u00e1s pobres.<\/p>\n\n\n\n<p>Tras agradecer las repetidas expresiones de respaldo y afecto recibidas de parte del Presidente de M\u00e9xico, el Gobernador Am\u00e9rico Villarreal dese\u00f3 que esta sea la primera de muchas visitas de L\u00f3pez Obrador a tierras tamaulipecas.<\/p>\n\n\n\n<p>\u00abEn esta nueva etapa de colaboraci\u00f3n respetuosa y positiva, le reitero nuestra coincidencia con los principios de la Cuarta Transformaci\u00f3n, as\u00ed como mi compromiso firme de gobernar con honestidad, de hablar invariablemente con la verdad y ser siempre leal a nuestro pueblo\u00bb, expres\u00f3 el Gobernador.<\/p>\n\n\n\n<p>El Jefe del Ejecutivo Estatal reiter\u00f3 el compromiso de su gobierno para trabajar en beneficio de los m\u00e1s pobres y para que M\u00e9xico pueda seguir construyendo por la v\u00eda pac\u00edfica, las bases de una naci\u00f3n m\u00e1s democr\u00e1tica, m\u00e1s justa socialmente y con un futuro mejor y promisorio para todas y todos.<\/p>\n","protected":false},"excerpt":{"rendered":"<p>Octubre 09 del 2022 Ciudad Madero, Tamaulipas.- El Presidente Andr\u00e9s Manuel L\u00f3pez Obrador asegur\u00f3 que el pueblo de Tamaulipas es un ejemplo \u00abporque ustedes hicieron valer la democracia\u00bb y anunci\u00f3 que regresar\u00e1 con todo el gabinete para apoyar a\u00fan m\u00e1s al Gobernador Am\u00e9rico Villarreal. \u00abUna bendici\u00f3n que ganara Am\u00e9rico Villarreal\u2026tienen un buen Gobernador\u00bb, expres\u00f3 el [&hellip;]<\/p>\n","protected":false},"author":1,"featured_media":273,"comment_status":"open","ping_status":"open","sticky":false,"template":"","format":"standard","meta":{"footnotes":""},"categories":[2],"tags":[],"class_list":["post-272","post","type-post","status-publish","format-standard","has-post-thumbnail","hentry","category-tamaulipas"],"blog_post_layout_featured_media_urls":{"thumbnail":["https:\/\/elregionaldigital.info\/wp-content\/uploads\/2022\/10\/024-2022.-Americo-tiene-todo-el-respaldo-regresare-con-todo-el-gabinete-para-apoyarlo-AMLO-1-850x500-1-150x150.jpeg",150,150,true],"full":["https:\/\/elregionaldigital.info\/wp-content\/uploads\/2022\/10\/024-2022.-Americo-tiene-todo-el-respaldo-regresare-con-todo-el-gabinete-para-apoyarlo-AMLO-1-850x500-1.jpeg",850,500,false]},"categories_names":{"2":{"name":"Tamaulipas","link":"https:\/\/elregionaldigital.info\/?cat=2"}},"tags_names":[],"comments_number":"0","wpmagazine_modules_lite_featured_media_urls":{"thumbnail":["https:\/\/elregionaldigital.info\/wp-content\/uploads\/2022\/10\/024-2022.-Americo-tiene-todo-el-respaldo-regresare-con-todo-el-gabinete-para-apoyarlo-AMLO-1-850x500-1-150x150.jpeg",150,150,true],"cvmm-medium":["https:\/\/elregionaldigital.info\/wp-content\/uploads\/2022\/10\/024-2022.-Americo-tiene-todo-el-respaldo-regresare-con-todo-el-gabinete-para-apoyarlo-AMLO-1-850x500-1-300x300.jpeg",300,300,true],"cvmm-medium-plus":["https:\/\/elregionaldigital.info\/wp-content\/uploads\/2022\/10\/024-2022.-Americo-tiene-todo-el-respaldo-regresare-con-todo-el-gabinete-para-apoyarlo-AMLO-1-850x500-1-305x207.jpeg",305,207,true],"cvmm-portrait":["https:\/\/elregionaldigital.info\/wp-content\/uploads\/2022\/10\/024-2022.-Americo-tiene-todo-el-respaldo-regresare-con-todo-el-gabinete-para-apoyarlo-AMLO-1-850x500-1-400x500.jpeg",400,500,true],"cvmm-medium-square":["https:\/\/elregionaldigital.info\/wp-content\/uploads\/2022\/10\/024-2022.-Americo-tiene-todo-el-respaldo-regresare-con-todo-el-gabinete-para-apoyarlo-AMLO-1-850x500-1-600x500.jpeg",600,500,true],"cvmm-large":["https:\/\/elregionaldigital.info\/wp-content\/uploads\/2022\/10\/024-2022.-Americo-tiene-todo-el-respaldo-regresare-con-todo-el-gabinete-para-apoyarlo-AMLO-1-850x500-1.jpeg",850,500,false],"cvmm-small":["https:\/\/elregionaldigital.info\/wp-content\/uploads\/2022\/10\/024-2022.-Americo-tiene-todo-el-respaldo-regresare-con-todo-el-gabinete-para-apoyarlo-AMLO-1-850x500-1-130x95.jpeg",130,95,true],"full":["https:\/\/elregionaldigital.info\/wp-content\/uploads\/2022\/10\/024-2022.-Americo-tiene-todo-el-respaldo-regresare-con-todo-el-gabinete-para-apoyarlo-AMLO-1-850x500-1.jpeg",850,500,false]},"_links":{"self":[{"href":"https:\/\/elregionaldigital.info\/index.php?rest_route=\/wp\/v2\/posts\/272","targetHints":{"allow":["GET"]}}],"collection":[{"href":"https:\/\/elregionaldigital.info\/index.php?rest_route=\/wp\/v2\/posts"}],"about":[{"href":"https:\/\/elregionaldigital.info\/index.php?rest_route=\/wp\/v2\/types\/post"}],"author":[{"embeddable":true,"href":"https:\/\/elregionaldigital.info\/index.php?rest_route=\/wp\/v2\/users\/1"}],"replies":[{"embeddable":true,"href":"https:\/\/elregionaldigital.info\/index.php?rest_route=%2Fwp%2Fv2%2Fcomments&post=272"}],"version-history":[{"count":1,"href":"https:\/\/elregionaldigital.info\/index.php?rest_route=\/wp\/v2\/posts\/272\/revisions"}],"predecessor-version":[{"id":274,"href":"https:\/\/elregionaldigital.info\/index.php?rest_route=\/wp\/v2\/posts\/272\/revisions\/274"}],"wp:featuredmedia":[{"embeddable":true,"href":"https:\/\/elregionaldigital.info\/index.php?rest_route=\/wp\/v2\/media\/273"}],"wp:attachment":[{"href":"https:\/\/elregionaldigital.info\/index.php?rest_route=%2Fwp%2Fv2%2Fmedia&parent=272"}],"wp:term":[{"taxonomy":"category","embeddable":true,"href":"https:\/\/elregionaldigital.info\/index.php?rest_route=%2Fwp%2Fv2%2Fcategories&post=272"},{"taxonomy":"post_tag","embeddable":true,"href":"https:\/\/elregionaldigital.info\/index.php?rest_route=%2Fwp%2Fv2%2Ftags&post=272"}],"curies":[{"name":"wp","href":"https:\/\/api.w.org\/{rel}","templated":true}]}}