{"id":2713,"date":"2024-05-29T15:01:26","date_gmt":"2024-05-29T15:01:26","guid":{"rendered":"http:\/\/elregionaldigital.info\/?p=2713"},"modified":"2024-06-03T15:03:49","modified_gmt":"2024-06-03T15:03:49","slug":"quien-gano-el-segundo-debate","status":"publish","type":"post","link":"https:\/\/elregionaldigital.info\/?p=2713","title":{"rendered":"\u00bf Quien Gano el segundo Debate ?"},"content":{"rendered":"\n<figure class=\"wp-block-image size-large\"><img loading=\"lazy\" decoding=\"async\" width=\"1024\" height=\"682\" src=\"http:\/\/elregionaldigital.info\/wp-content\/uploads\/2024\/06\/Segundo-Debate-1024x682.jpeg\" alt=\"\" class=\"wp-image-2714\" srcset=\"https:\/\/elregionaldigital.info\/wp-content\/uploads\/2024\/06\/Segundo-Debate-1024x682.jpeg 1024w, https:\/\/elregionaldigital.info\/wp-content\/uploads\/2024\/06\/Segundo-Debate-300x200.jpeg 300w, https:\/\/elregionaldigital.info\/wp-content\/uploads\/2024\/06\/Segundo-Debate-768x512.jpeg 768w, https:\/\/elregionaldigital.info\/wp-content\/uploads\/2024\/06\/Segundo-Debate.jpeg 1280w\" sizes=\"auto, (max-width: 1024px) 100vw, 1024px\" \/><\/figure>\n\n\n\n<p><a href=\"https:\/\/laverdad.com.mx\/wp-content\/uploads\/2024\/05\/Screenshot_337.jpg\"><\/a><\/p>\n\n\n\n<p>Con la cuenta regresiva ya muy cercana a las elecciones del 2 de junio, luego del segundo debate centrado en la econom\u00eda, la pobreza y el cambio clim\u00e1tico, qued\u00f3 m\u00e1s definida la situaci\u00f3n en la que se encuentra cada candidato de cara a convertirse en el nuevo presidente. Claudia Sheinbaum, X\u00f3chitl G\u00e1lvez y Jorge \u00c1lvarez M\u00e1ynez expusieron algunas de sus propuestas en este\u00a0debate con la intenci\u00f3n de posicionarse y dejar expuestos a sus contrincantes.<\/p>\n\n\n\n<p>Luego de este segundo encuentro, la pregunta es\u00a0quien gano este segundo debate\u00a0y camina m\u00e1s firme hacia la presidencia. De acuerdo con varias encuestas realizadas, el resultado ha sido repartido entre Claudia Sheinbaum y G\u00e1lvez Ru\u00edz, todas dejando muy por debajo a \u00c1lvarez M\u00e1ynez. Pero a\u00fan nadie tiene la \u00faltima palabra y, por el momento lo importante es, \u00bfqu\u00e9 dijeron los tres candidatos y c\u00f3mo se postulan en este \u00faltimo tramo de campa\u00f1a electoral?<\/p>\n","protected":false},"excerpt":{"rendered":"<p>Con la cuenta regresiva ya muy cercana a las elecciones del 2 de junio, luego del segundo debate centrado en la econom\u00eda, la pobreza y el cambio clim\u00e1tico, qued\u00f3 m\u00e1s definida la situaci\u00f3n en la que se encuentra cada candidato de cara a convertirse en el nuevo presidente. Claudia Sheinbaum, X\u00f3chitl G\u00e1lvez y Jorge \u00c1lvarez [&hellip;]<\/p>\n","protected":false},"author":1,"featured_media":2715,"comment_status":"open","ping_status":"open","sticky":false,"template":"","format":"standard","meta":{"footnotes":""},"categories":[1],"tags":[],"class_list":["post-2713","post","type-post","status-publish","format-standard","has-post-thumbnail","hentry","category-sin-categoria"],"blog_post_layout_featured_media_urls":{"thumbnail":["https:\/\/elregionaldigital.info\/wp-content\/uploads\/2024\/06\/Segundo-Debate-1-150x150.jpeg",150,150,true],"full":["https:\/\/elregionaldigital.info\/wp-content\/uploads\/2024\/06\/Segundo-Debate-1.jpeg",1280,853,false]},"categories_names":{"1":{"name":"Sin categor\u00eda","link":"https:\/\/elregionaldigital.info\/?cat=1"}},"tags_names":[],"comments_number":"0","wpmagazine_modules_lite_featured_media_urls":{"thumbnail":["https:\/\/elregionaldigital.info\/wp-content\/uploads\/2024\/06\/Segundo-Debate-1-150x150.jpeg",150,150,true],"cvmm-medium":["https:\/\/elregionaldigital.info\/wp-content\/uploads\/2024\/06\/Segundo-Debate-1-300x300.jpeg",300,300,true],"cvmm-medium-plus":["https:\/\/elregionaldigital.info\/wp-content\/uploads\/2024\/06\/Segundo-Debate-1-305x207.jpeg",305,207,true],"cvmm-portrait":["https:\/\/elregionaldigital.info\/wp-content\/uploads\/2024\/06\/Segundo-Debate-1-400x600.jpeg",400,600,true],"cvmm-medium-square":["https:\/\/elregionaldigital.info\/wp-content\/uploads\/2024\/06\/Segundo-Debate-1-600x600.jpeg",600,600,true],"cvmm-large":["https:\/\/elregionaldigital.info\/wp-content\/uploads\/2024\/06\/Segundo-Debate-1-1024x853.jpeg",1024,853,true],"cvmm-small":["https:\/\/elregionaldigital.info\/wp-content\/uploads\/2024\/06\/Segundo-Debate-1-130x95.jpeg",130,95,true],"full":["https:\/\/elregionaldigital.info\/wp-content\/uploads\/2024\/06\/Segundo-Debate-1.jpeg",1280,853,false]},"_links":{"self":[{"href":"https:\/\/elregionaldigital.info\/index.php?rest_route=\/wp\/v2\/posts\/2713","targetHints":{"allow":["GET"]}}],"collection":[{"href":"https:\/\/elregionaldigital.info\/index.php?rest_route=\/wp\/v2\/posts"}],"about":[{"href":"https:\/\/elregionaldigital.info\/index.php?rest_route=\/wp\/v2\/types\/post"}],"author":[{"embeddable":true,"href":"https:\/\/elregionaldigital.info\/index.php?rest_route=\/wp\/v2\/users\/1"}],"replies":[{"embeddable":true,"href":"https:\/\/elregionaldigital.info\/index.php?rest_route=%2Fwp%2Fv2%2Fcomments&post=2713"}],"version-history":[{"count":1,"href":"https:\/\/elregionaldigital.info\/index.php?rest_route=\/wp\/v2\/posts\/2713\/revisions"}],"predecessor-version":[{"id":2716,"href":"https:\/\/elregionaldigital.info\/index.php?rest_route=\/wp\/v2\/posts\/2713\/revisions\/2716"}],"wp:featuredmedia":[{"embeddable":true,"href":"https:\/\/elregionaldigital.info\/index.php?rest_route=\/wp\/v2\/media\/2715"}],"wp:attachment":[{"href":"https:\/\/elregionaldigital.info\/index.php?rest_route=%2Fwp%2Fv2%2Fmedia&parent=2713"}],"wp:term":[{"taxonomy":"category","embeddable":true,"href":"https:\/\/elregionaldigital.info\/index.php?rest_route=%2Fwp%2Fv2%2Fcategories&post=2713"},{"taxonomy":"post_tag","embeddable":true,"href":"https:\/\/elregionaldigital.info\/index.php?rest_route=%2Fwp%2Fv2%2Ftags&post=2713"}],"curies":[{"name":"wp","href":"https:\/\/api.w.org\/{rel}","templated":true}]}}