{"id":2709,"date":"2024-05-28T14:57:51","date_gmt":"2024-05-28T14:57:51","guid":{"rendered":"http:\/\/elregionaldigital.info\/?p=2709"},"modified":"2024-06-03T15:00:46","modified_gmt":"2024-06-03T15:00:46","slug":"presentan-el-trailer-de-moana-2","status":"publish","type":"post","link":"https:\/\/elregionaldigital.info\/?p=2709","title":{"rendered":"Presentan el tr\u00e1iler de &#8221; Moana 2&#8243;"},"content":{"rendered":"\n<figure class=\"wp-block-image size-large\"><img loading=\"lazy\" decoding=\"async\" width=\"1024\" height=\"678\" src=\"http:\/\/elregionaldigital.info\/wp-content\/uploads\/2024\/06\/disney-1024x678.jpg\" alt=\"\" class=\"wp-image-2710\" srcset=\"https:\/\/elregionaldigital.info\/wp-content\/uploads\/2024\/06\/disney-1024x678.jpg 1024w, https:\/\/elregionaldigital.info\/wp-content\/uploads\/2024\/06\/disney-300x199.jpg 300w, https:\/\/elregionaldigital.info\/wp-content\/uploads\/2024\/06\/disney-768x509.jpg 768w, https:\/\/elregionaldigital.info\/wp-content\/uploads\/2024\/06\/disney.jpg 1200w\" sizes=\"auto, (max-width: 1024px) 100vw, 1024px\" \/><figcaption class=\"wp-element-caption\">xr:d:DAFtDvFoErM:761,j:7904235423614921121,t:24020821<\/figcaption><\/figure>\n\n\n\n<p>La espera ha terminado para los fan\u00e1ticos de Moana. Disney ha lanzado el primer tr\u00e1iler oficial de \u201cMoana 2\u201d y ha anunciado su fecha de estreno, marcando el regreso de la valiente joven de la isla de Motunui, cuya primera aventura cautiv\u00f3 al mundo en 2016.<\/p>\n\n\n\n<h3 class=\"wp-block-heading\">Un \u00c9xito Regresa al Mar<\/h3>\n\n\n\n<p>En la primera pel\u00edcula, conocimos a Moana, la hija del jefe de la isla de Motunui, que se embarca en una \u00e9pica traves\u00eda con la ayuda del semidi\u00f3s Maui para salvar a su pueblo y restaurar el equilibrio de la naturaleza. La pel\u00edcula fue un \u00e9xito rotundo, y aunque muchos creyeron que no habr\u00eda una secuela, Disney sorprendi\u00f3 a sus seguidores al anunciar \u201cMoana 2\u201d.<\/p>\n\n\n\n<h3 class=\"wp-block-heading\">Un Nuevo Llamado a la Aventura<\/h3>\n\n\n\n<p>El primer tr\u00e1iler, estrenado el 29 de mayo, ofrece un vistazo intrigante de la nueva aventura de Moana. Aunque los detalles espec\u00edficos de la trama se mantienen en secreto, el adelanto sugiere que Moana deber\u00e1 regresar al mar, esta vez para buscar a sus ancestros. La protagonista recibir\u00e1 un llamado ancestral que la llevar\u00e1 a navegar por aguas peligrosas y territorios olvidados, con el objetivo de reconectar a su pueblo.<\/p>\n\n\n\n<h3 class=\"wp-block-heading\">Una Misi\u00f3n \u00c9pica<\/h3>\n\n\n\n<p>La frase \u201cEste es un llamado de los ancestros, para navegar a nuevos cielos y reconectar a nuestro pueblo a lo largo del oc\u00e9ano\u201d se escucha en el avance, insinuando una misi\u00f3n llena de desaf\u00edos y descubrimientos. Los queridos personajes de la primera pel\u00edcula, incluyendo al semidi\u00f3s Maui, regresar\u00e1n para acompa\u00f1ar a Moana en esta nueva traves\u00eda, prometiendo llevarnos a nuevos y emocionantes lugares en el vasto oc\u00e9ano.<\/p>\n\n\n\n<h3 class=\"wp-block-heading\">Fecha de Estreno<\/h3>\n\n\n\n<p>Para los entusiastas que esperan con ansias esta secuela, la buena noticia es que \u201cMoana 2\u201d llegar\u00e1 a los cines el 28 de noviembre. Esta nueva entrega promete continuar con la magia y la aventura que hicieron de la primera pel\u00edcula un fen\u00f3meno mundial.<\/p>\n\n\n\n<p>Con una historia emocionante, personajes entra\u00f1ables y una animaci\u00f3n deslumbrante, \u201cMoana 2\u201d se perfila como una de las pel\u00edculas m\u00e1s esperadas del a\u00f1o. Los fans de Moana y Maui han esperado ocho a\u00f1os para ver sus nuevas aventuras, y Disney parece estar listo para ofrecer otra \u00e9pica experiencia cinematogr\u00e1fica.<\/p>\n","protected":false},"excerpt":{"rendered":"<p>La espera ha terminado para los fan\u00e1ticos de Moana. Disney ha lanzado el primer tr\u00e1iler oficial de \u201cMoana 2\u201d y ha anunciado su fecha de estreno, marcando el regreso de la valiente joven de la isla de Motunui, cuya primera aventura cautiv\u00f3 al mundo en 2016. Un \u00c9xito Regresa al Mar En la primera pel\u00edcula, [&hellip;]<\/p>\n","protected":false},"author":1,"featured_media":2711,"comment_status":"open","ping_status":"open","sticky":false,"template":"","format":"standard","meta":{"footnotes":""},"categories":[3],"tags":[],"class_list":["post-2709","post","type-post","status-publish","format-standard","has-post-thumbnail","hentry","category-entretenimiento"],"blog_post_layout_featured_media_urls":{"thumbnail":["https:\/\/elregionaldigital.info\/wp-content\/uploads\/2024\/06\/disney-1-150x150.jpg",150,150,true],"full":["https:\/\/elregionaldigital.info\/wp-content\/uploads\/2024\/06\/disney-1.jpg",1200,795,false]},"categories_names":{"3":{"name":"Entretenimiento","link":"https:\/\/elregionaldigital.info\/?cat=3"}},"tags_names":[],"comments_number":"0","wpmagazine_modules_lite_featured_media_urls":{"thumbnail":["https:\/\/elregionaldigital.info\/wp-content\/uploads\/2024\/06\/disney-1-150x150.jpg",150,150,true],"cvmm-medium":["https:\/\/elregionaldigital.info\/wp-content\/uploads\/2024\/06\/disney-1-300x300.jpg",300,300,true],"cvmm-medium-plus":["https:\/\/elregionaldigital.info\/wp-content\/uploads\/2024\/06\/disney-1-305x207.jpg",305,207,true],"cvmm-portrait":["https:\/\/elregionaldigital.info\/wp-content\/uploads\/2024\/06\/disney-1-400x600.jpg",400,600,true],"cvmm-medium-square":["https:\/\/elregionaldigital.info\/wp-content\/uploads\/2024\/06\/disney-1-600x600.jpg",600,600,true],"cvmm-large":["https:\/\/elregionaldigital.info\/wp-content\/uploads\/2024\/06\/disney-1-1024x795.jpg",1024,795,true],"cvmm-small":["https:\/\/elregionaldigital.info\/wp-content\/uploads\/2024\/06\/disney-1-130x95.jpg",130,95,true],"full":["https:\/\/elregionaldigital.info\/wp-content\/uploads\/2024\/06\/disney-1.jpg",1200,795,false]},"_links":{"self":[{"href":"https:\/\/elregionaldigital.info\/index.php?rest_route=\/wp\/v2\/posts\/2709","targetHints":{"allow":["GET"]}}],"collection":[{"href":"https:\/\/elregionaldigital.info\/index.php?rest_route=\/wp\/v2\/posts"}],"about":[{"href":"https:\/\/elregionaldigital.info\/index.php?rest_route=\/wp\/v2\/types\/post"}],"author":[{"embeddable":true,"href":"https:\/\/elregionaldigital.info\/index.php?rest_route=\/wp\/v2\/users\/1"}],"replies":[{"embeddable":true,"href":"https:\/\/elregionaldigital.info\/index.php?rest_route=%2Fwp%2Fv2%2Fcomments&post=2709"}],"version-history":[{"count":1,"href":"https:\/\/elregionaldigital.info\/index.php?rest_route=\/wp\/v2\/posts\/2709\/revisions"}],"predecessor-version":[{"id":2712,"href":"https:\/\/elregionaldigital.info\/index.php?rest_route=\/wp\/v2\/posts\/2709\/revisions\/2712"}],"wp:featuredmedia":[{"embeddable":true,"href":"https:\/\/elregionaldigital.info\/index.php?rest_route=\/wp\/v2\/media\/2711"}],"wp:attachment":[{"href":"https:\/\/elregionaldigital.info\/index.php?rest_route=%2Fwp%2Fv2%2Fmedia&parent=2709"}],"wp:term":[{"taxonomy":"category","embeddable":true,"href":"https:\/\/elregionaldigital.info\/index.php?rest_route=%2Fwp%2Fv2%2Fcategories&post=2709"},{"taxonomy":"post_tag","embeddable":true,"href":"https:\/\/elregionaldigital.info\/index.php?rest_route=%2Fwp%2Fv2%2Ftags&post=2709"}],"curies":[{"name":"wp","href":"https:\/\/api.w.org\/{rel}","templated":true}]}}