{"id":2706,"date":"2024-05-27T14:56:10","date_gmt":"2024-05-27T14:56:10","guid":{"rendered":"http:\/\/elregionaldigital.info\/?p=2706"},"modified":"2024-06-03T14:57:07","modified_gmt":"2024-06-03T14:57:07","slug":"norcorea-planea-lanzar-satelite-alerta-japon","status":"publish","type":"post","link":"https:\/\/elregionaldigital.info\/?p=2706","title":{"rendered":"Norcorea planea lanzar sat\u00e9lite, alerta Jap\u00f3n"},"content":{"rendered":"\n<figure class=\"wp-block-image\"><a href=\"https:\/\/laverdad.com.mx\/wp-content\/uploads\/2024\/05\/SAT4LITE.jpg\"><img decoding=\"async\" src=\"https:\/\/laverdad.com.mx\/wp-content\/uploads\/2024\/05\/SAT4LITE-750x450.jpg\" alt=\"Norcorea planea lanzar sat\u00e9lite, alerta Jap\u00f3n\"\/><\/a><\/figure>\n\n\n\n<p>Las autoridades niponas informaron este lunes que Corea del Norte les ha notificado su intenci\u00f3n de lanzar un cohete portador de sat\u00e9lites antes del martes de la pr\u00f3xima semana, el 4 de junio. En respuesta, Tokio ha puesto a la regi\u00f3n en alerta m\u00e1xima, emitiendo una advertencia de navegaci\u00f3n e instando a la precauci\u00f3n.<\/p>\n\n\n\n<p>El aviso designa tres zonas mar\u00edtimas donde podr\u00edan caer los restos de los cohetes: dos en el mar Amarillo, al oeste de la pen\u00ednsula de Corea, y la tercera en el mar de Filipinas, al este de la isla filipina de Luz\u00f3n. Todas estas \u00e1reas est\u00e1n fuera de la Zona Econ\u00f3mica Exclusiva de Jap\u00f3n, seg\u00fan inform\u00f3 la Guardia Costera japonesa y recogi\u00f3 la agencia de noticias Kyodo News.<\/p>\n\n\n\n<p>El Ministerio de Exteriores nip\u00f3n indic\u00f3 que funcionarios japoneses, estadounidenses y surcoreanos, en reacci\u00f3n a la notificaci\u00f3n, instar\u00e1n a Pyongyang a cancelar su plan porque \u201ccualquier lanzamiento\u201d que utilice tecnolog\u00eda de misiles bal\u00edsticos constituye una violaci\u00f3n de las resoluciones de la ONU.<\/p>\n\n\n\n<p>El primer ministro japon\u00e9s, Fumio Kishida, quien se encuentra en Se\u00fal para la cumbre trilateral con China y Corea del Sur, orden\u00f3 este lunes a los ministerios y agencias relevantes que hagan los m\u00e1ximos esfuerzos para recopilar y analizar informaci\u00f3n sobre el posible lanzamiento del sat\u00e9lite.<\/p>\n\n\n\n<p>La semana pasada, el Ej\u00e9rcito surcoreano indic\u00f3 que hab\u00eda detectado signos aparentes de que Corea del Norte se estaba preparando para el lanzamiento de un sat\u00e9lite militar esp\u00eda desde su costa occidental, seg\u00fan inform\u00f3 la agencia de noticias Yonhap.<\/p>\n","protected":false},"excerpt":{"rendered":"<p>Las autoridades niponas informaron este lunes que Corea del Norte les ha notificado su intenci\u00f3n de lanzar un cohete portador de sat\u00e9lites antes del martes de la pr\u00f3xima semana, el 4 de junio. En respuesta, Tokio ha puesto a la regi\u00f3n en alerta m\u00e1xima, emitiendo una advertencia de navegaci\u00f3n e instando a la precauci\u00f3n. El [&hellip;]<\/p>\n","protected":false},"author":1,"featured_media":2707,"comment_status":"open","ping_status":"open","sticky":false,"template":"","format":"standard","meta":{"footnotes":""},"categories":[11],"tags":[],"class_list":["post-2706","post","type-post","status-publish","format-standard","has-post-thumbnail","hentry","category-mundo"],"blog_post_layout_featured_media_urls":{"thumbnail":["https:\/\/elregionaldigital.info\/wp-content\/uploads\/2024\/06\/images-1-150x150.jpg",150,150,true],"full":["https:\/\/elregionaldigital.info\/wp-content\/uploads\/2024\/06\/images-1.jpg",300,168,false]},"categories_names":{"11":{"name":"Mundo","link":"https:\/\/elregionaldigital.info\/?cat=11"}},"tags_names":[],"comments_number":"0","wpmagazine_modules_lite_featured_media_urls":{"thumbnail":["https:\/\/elregionaldigital.info\/wp-content\/uploads\/2024\/06\/images-1-150x150.jpg",150,150,true],"cvmm-medium":["https:\/\/elregionaldigital.info\/wp-content\/uploads\/2024\/06\/images-1.jpg",300,168,false],"cvmm-medium-plus":["https:\/\/elregionaldigital.info\/wp-content\/uploads\/2024\/06\/images-1.jpg",300,168,false],"cvmm-portrait":["https:\/\/elregionaldigital.info\/wp-content\/uploads\/2024\/06\/images-1.jpg",300,168,false],"cvmm-medium-square":["https:\/\/elregionaldigital.info\/wp-content\/uploads\/2024\/06\/images-1.jpg",300,168,false],"cvmm-large":["https:\/\/elregionaldigital.info\/wp-content\/uploads\/2024\/06\/images-1.jpg",300,168,false],"cvmm-small":["https:\/\/elregionaldigital.info\/wp-content\/uploads\/2024\/06\/images-1-130x95.jpg",130,95,true],"full":["https:\/\/elregionaldigital.info\/wp-content\/uploads\/2024\/06\/images-1.jpg",300,168,false]},"_links":{"self":[{"href":"https:\/\/elregionaldigital.info\/index.php?rest_route=\/wp\/v2\/posts\/2706","targetHints":{"allow":["GET"]}}],"collection":[{"href":"https:\/\/elregionaldigital.info\/index.php?rest_route=\/wp\/v2\/posts"}],"about":[{"href":"https:\/\/elregionaldigital.info\/index.php?rest_route=\/wp\/v2\/types\/post"}],"author":[{"embeddable":true,"href":"https:\/\/elregionaldigital.info\/index.php?rest_route=\/wp\/v2\/users\/1"}],"replies":[{"embeddable":true,"href":"https:\/\/elregionaldigital.info\/index.php?rest_route=%2Fwp%2Fv2%2Fcomments&post=2706"}],"version-history":[{"count":1,"href":"https:\/\/elregionaldigital.info\/index.php?rest_route=\/wp\/v2\/posts\/2706\/revisions"}],"predecessor-version":[{"id":2708,"href":"https:\/\/elregionaldigital.info\/index.php?rest_route=\/wp\/v2\/posts\/2706\/revisions\/2708"}],"wp:featuredmedia":[{"embeddable":true,"href":"https:\/\/elregionaldigital.info\/index.php?rest_route=\/wp\/v2\/media\/2707"}],"wp:attachment":[{"href":"https:\/\/elregionaldigital.info\/index.php?rest_route=%2Fwp%2Fv2%2Fmedia&parent=2706"}],"wp:term":[{"taxonomy":"category","embeddable":true,"href":"https:\/\/elregionaldigital.info\/index.php?rest_route=%2Fwp%2Fv2%2Fcategories&post=2706"},{"taxonomy":"post_tag","embeddable":true,"href":"https:\/\/elregionaldigital.info\/index.php?rest_route=%2Fwp%2Fv2%2Ftags&post=2706"}],"curies":[{"name":"wp","href":"https:\/\/api.w.org\/{rel}","templated":true}]}}