{"id":2700,"date":"2024-05-25T14:50:22","date_gmt":"2024-05-25T14:50:22","guid":{"rendered":"http:\/\/elregionaldigital.info\/?p=2700"},"modified":"2024-06-03T14:52:16","modified_gmt":"2024-06-03T14:52:16","slug":"48-muertes-por-temperaturas-extremas-en-mexico","status":"publish","type":"post","link":"https:\/\/elregionaldigital.info\/?p=2700","title":{"rendered":"48 muertes por temperaturas extremas en M\u00e9xico"},"content":{"rendered":"\n<figure class=\"wp-block-image\"><a href=\"https:\/\/laverdad.com.mx\/wp-content\/uploads\/2024\/05\/26carr.webp\"><img decoding=\"async\" src=\"https:\/\/laverdad.com.mx\/wp-content\/uploads\/2024\/05\/26carr-750x563.webp\" alt=\"M\u00e9xico suma 48 muertes por temperaturas extremas; la mayor\u00eda por golpes de calor\"\/><\/a><\/figure>\n\n\n\n<p>Las muertes acumuladas durante la temporada de calor que afecta al pa\u00eds aumentaron a 48 de acuerdo al informe semanal para la vigilancia epidemiol\u00f3gica de temperaturas naturales extremas, que ha contabilizado los decesos del 17 de marzo al 21 de mayo.<\/p>\n\n\n\n<p>De estos fallecimientos, 42 fueron por golpe de calor y 6 por deshidrataci\u00f3n; por tanto, la letalidad para la temporada de calor de 2024 ascendi\u00f3 a 5.02%.<\/p>\n\n\n\n<p>Los estados donde han ocurrido defunciones han sido Veracruz con 14. Tabasco y San Luis Potos\u00ed con 8. Tamaulipas con 5, Oaxaca con 4, Nuevo Le\u00f3n con 3 e Hidalgo con 2.<\/p>\n\n\n\n<p>Adem\u00e1s, en Chiapas, Campeche, Guanajuato y Sonora, se report\u00f3 un fallecimiento en cada entidad.<\/p>\n\n\n\n<p>El acumulado de casos asociados a da\u00f1os a la salud por las altas temperaturas se increment\u00f3 a 956.<\/p>\n\n\n\n<p>Con 615 personas afectadas, el golpe de calor fue el padecimiento m\u00e1s frecuente. Adem\u00e1s, se registraron 313 casos por deshidrataci\u00f3n y 28 por quemaduras de sol.<\/p>\n\n\n\n<p><strong>Tabasco, Veracruz, Nuevo Le\u00f3n, Tamaulipas y Yucat\u00e1n fueron los estados que concentraron el mayor n\u00famero de casos asociados a da\u00f1os a la salud por las altas temperaturas.<\/strong><\/p>\n\n\n\n<p>Espec\u00edficamente durante la semana epidemiol\u00f3gica n\u00famero 20, que comprendi\u00f3 del 12 al 21 de mayo, se notificaron 286 casos asociados a temperaturas naturales extremas, que se sumaron a los 670 anteriormente registrados.<\/p>\n","protected":false},"excerpt":{"rendered":"<p>Las muertes acumuladas durante la temporada de calor que afecta al pa\u00eds aumentaron a 48 de acuerdo al informe semanal para la vigilancia epidemiol\u00f3gica de temperaturas naturales extremas, que ha contabilizado los decesos del 17 de marzo al 21 de mayo. De estos fallecimientos, 42 fueron por golpe de calor y 6 por deshidrataci\u00f3n; por [&hellip;]<\/p>\n","protected":false},"author":1,"featured_media":2701,"comment_status":"open","ping_status":"open","sticky":false,"template":"","format":"standard","meta":{"footnotes":""},"categories":[5],"tags":[],"class_list":["post-2700","post","type-post","status-publish","format-standard","has-post-thumbnail","hentry","category-nacional"],"blog_post_layout_featured_media_urls":{"thumbnail":["https:\/\/elregionaldigital.info\/wp-content\/uploads\/2024\/06\/golpe-de-calor-150x150.jpg",150,150,true],"full":["https:\/\/elregionaldigital.info\/wp-content\/uploads\/2024\/06\/golpe-de-calor.jpg",2000,1333,false]},"categories_names":{"5":{"name":"Nacional","link":"https:\/\/elregionaldigital.info\/?cat=5"}},"tags_names":[],"comments_number":"0","wpmagazine_modules_lite_featured_media_urls":{"thumbnail":["https:\/\/elregionaldigital.info\/wp-content\/uploads\/2024\/06\/golpe-de-calor-150x150.jpg",150,150,true],"cvmm-medium":["https:\/\/elregionaldigital.info\/wp-content\/uploads\/2024\/06\/golpe-de-calor-300x300.jpg",300,300,true],"cvmm-medium-plus":["https:\/\/elregionaldigital.info\/wp-content\/uploads\/2024\/06\/golpe-de-calor-305x207.jpg",305,207,true],"cvmm-portrait":["https:\/\/elregionaldigital.info\/wp-content\/uploads\/2024\/06\/golpe-de-calor-400x600.jpg",400,600,true],"cvmm-medium-square":["https:\/\/elregionaldigital.info\/wp-content\/uploads\/2024\/06\/golpe-de-calor-600x600.jpg",600,600,true],"cvmm-large":["https:\/\/elregionaldigital.info\/wp-content\/uploads\/2024\/06\/golpe-de-calor-1024x1024.jpg",1024,1024,true],"cvmm-small":["https:\/\/elregionaldigital.info\/wp-content\/uploads\/2024\/06\/golpe-de-calor-130x95.jpg",130,95,true],"full":["https:\/\/elregionaldigital.info\/wp-content\/uploads\/2024\/06\/golpe-de-calor.jpg",2000,1333,false]},"_links":{"self":[{"href":"https:\/\/elregionaldigital.info\/index.php?rest_route=\/wp\/v2\/posts\/2700","targetHints":{"allow":["GET"]}}],"collection":[{"href":"https:\/\/elregionaldigital.info\/index.php?rest_route=\/wp\/v2\/posts"}],"about":[{"href":"https:\/\/elregionaldigital.info\/index.php?rest_route=\/wp\/v2\/types\/post"}],"author":[{"embeddable":true,"href":"https:\/\/elregionaldigital.info\/index.php?rest_route=\/wp\/v2\/users\/1"}],"replies":[{"embeddable":true,"href":"https:\/\/elregionaldigital.info\/index.php?rest_route=%2Fwp%2Fv2%2Fcomments&post=2700"}],"version-history":[{"count":1,"href":"https:\/\/elregionaldigital.info\/index.php?rest_route=\/wp\/v2\/posts\/2700\/revisions"}],"predecessor-version":[{"id":2702,"href":"https:\/\/elregionaldigital.info\/index.php?rest_route=\/wp\/v2\/posts\/2700\/revisions\/2702"}],"wp:featuredmedia":[{"embeddable":true,"href":"https:\/\/elregionaldigital.info\/index.php?rest_route=\/wp\/v2\/media\/2701"}],"wp:attachment":[{"href":"https:\/\/elregionaldigital.info\/index.php?rest_route=%2Fwp%2Fv2%2Fmedia&parent=2700"}],"wp:term":[{"taxonomy":"category","embeddable":true,"href":"https:\/\/elregionaldigital.info\/index.php?rest_route=%2Fwp%2Fv2%2Fcategories&post=2700"},{"taxonomy":"post_tag","embeddable":true,"href":"https:\/\/elregionaldigital.info\/index.php?rest_route=%2Fwp%2Fv2%2Ftags&post=2700"}],"curies":[{"name":"wp","href":"https:\/\/api.w.org\/{rel}","templated":true}]}}