{"id":2693,"date":"2024-05-23T14:45:14","date_gmt":"2024-05-23T14:45:14","guid":{"rendered":"http:\/\/elregionaldigital.info\/?p=2693"},"modified":"2024-06-03T14:47:48","modified_gmt":"2024-06-03T14:47:48","slug":"christian-nodal-confirman-su-separacion","status":"publish","type":"post","link":"https:\/\/elregionaldigital.info\/?p=2693","title":{"rendered":"Christian Nodal confirman su separaci\u00f3n"},"content":{"rendered":"\n<figure class=\"wp-block-image size-large\"><img loading=\"lazy\" decoding=\"async\" width=\"731\" height=\"1024\" src=\"http:\/\/elregionaldigital.info\/wp-content\/uploads\/2024\/06\/Christian-Nodal-200-731x1024.jpg\" alt=\"\" class=\"wp-image-2694\" srcset=\"https:\/\/elregionaldigital.info\/wp-content\/uploads\/2024\/06\/Christian-Nodal-200-731x1024.jpg 731w, https:\/\/elregionaldigital.info\/wp-content\/uploads\/2024\/06\/Christian-Nodal-200-214x300.jpg 214w, https:\/\/elregionaldigital.info\/wp-content\/uploads\/2024\/06\/Christian-Nodal-200-768x1076.jpg 768w, https:\/\/elregionaldigital.info\/wp-content\/uploads\/2024\/06\/Christian-Nodal-200-1097x1536.jpg 1097w, https:\/\/elregionaldigital.info\/wp-content\/uploads\/2024\/06\/Christian-Nodal-200.jpg 1428w\" sizes=\"auto, (max-width: 731px) 100vw, 731px\" \/><\/figure>\n\n\n\n<p><a href=\"https:\/\/laverdad.com.mx\/wp-content\/uploads\/2024\/05\/11845-chistiannodalycazzulatingrammy2023sevilla032-2df89806511b42628638c8453c585f61.jpg\"><\/a><\/p>\n\n\n\n<p>Christian Nodal ha confirmado a trav\u00e9s de sus redes sociales que ha terminado su relaci\u00f3n con Cazzu, la madre de su hija Inti.<\/p>\n\n\n\n<p>El cantante comparti\u00f3 una historia en sus redes sociales para confirmar los rumores que hab\u00edan surgido d\u00edas atr\u00e1s.<\/p>\n\n\n\n<p>\u201cHa llegado el momento de compartir que Julieta y yo tomamos caminos separados. Nuestro amor y respeto mutuos permanecen fuertes, especialmente en nuestro papel como padres de nuestra maravillosa hija, Inti. Estoy profundamente agradecido por los momentos que compartimos y llevar\u00e9 siempre esos recuerdos con cari\u00f1o. Aprecio su apoyo y comprensi\u00f3n durante este tiempo de cambio\u201d, escribi\u00f3 Nodal.<\/p>\n\n\n\n<h3 class=\"wp-block-heading\">Cazzu posa cari\u00f1osamente con otro hombre<\/h3>\n\n\n\n<p>Recientemente, Cazzu comparti\u00f3 en Instagram fotograf\u00edas en las que luci\u00f3 su figura recuperada tras el nacimiento de su hija. Lo que m\u00e1s llam\u00f3 la atenci\u00f3n fue que pos\u00f3 cari\u00f1osamente con otro hombre, identificado en Instagram como Luck Ra. Aunque se pens\u00f3 que no intentaba generar pol\u00e9mica, el mensaje \u201cTu coraz\u00f3n late por mi\u201d acompa\u00f1ado de un coraz\u00f3n negro, aparentemente dirigido a este hombre, despert\u00f3 especulaciones.<\/p>\n\n\n\n<p>Esta serie de eventos ha captado la atenci\u00f3n de los seguidores de ambos artistas, quienes ahora enfrentan esta nueva etapa en sus vidas por separado.<\/p>\n","protected":false},"excerpt":{"rendered":"<p>Christian Nodal ha confirmado a trav\u00e9s de sus redes sociales que ha terminado su relaci\u00f3n con Cazzu, la madre de su hija Inti. El cantante comparti\u00f3 una historia en sus redes sociales para confirmar los rumores que hab\u00edan surgido d\u00edas atr\u00e1s. \u201cHa llegado el momento de compartir que Julieta y yo tomamos caminos separados. Nuestro [&hellip;]<\/p>\n","protected":false},"author":1,"featured_media":2695,"comment_status":"open","ping_status":"open","sticky":false,"template":"","format":"standard","meta":{"footnotes":""},"categories":[3],"tags":[],"class_list":["post-2693","post","type-post","status-publish","format-standard","has-post-thumbnail","hentry","category-entretenimiento"],"blog_post_layout_featured_media_urls":{"thumbnail":["https:\/\/elregionaldigital.info\/wp-content\/uploads\/2024\/06\/Christian-Nodal-200-1-150x150.jpg",150,150,true],"full":["https:\/\/elregionaldigital.info\/wp-content\/uploads\/2024\/06\/Christian-Nodal-200-1.jpg",1428,2000,false]},"categories_names":{"3":{"name":"Entretenimiento","link":"https:\/\/elregionaldigital.info\/?cat=3"}},"tags_names":[],"comments_number":"0","wpmagazine_modules_lite_featured_media_urls":{"thumbnail":["https:\/\/elregionaldigital.info\/wp-content\/uploads\/2024\/06\/Christian-Nodal-200-1-150x150.jpg",150,150,true],"cvmm-medium":["https:\/\/elregionaldigital.info\/wp-content\/uploads\/2024\/06\/Christian-Nodal-200-1-300x300.jpg",300,300,true],"cvmm-medium-plus":["https:\/\/elregionaldigital.info\/wp-content\/uploads\/2024\/06\/Christian-Nodal-200-1-305x207.jpg",305,207,true],"cvmm-portrait":["https:\/\/elregionaldigital.info\/wp-content\/uploads\/2024\/06\/Christian-Nodal-200-1-400x600.jpg",400,600,true],"cvmm-medium-square":["https:\/\/elregionaldigital.info\/wp-content\/uploads\/2024\/06\/Christian-Nodal-200-1-600x600.jpg",600,600,true],"cvmm-large":["https:\/\/elregionaldigital.info\/wp-content\/uploads\/2024\/06\/Christian-Nodal-200-1-1024x1024.jpg",1024,1024,true],"cvmm-small":["https:\/\/elregionaldigital.info\/wp-content\/uploads\/2024\/06\/Christian-Nodal-200-1-130x95.jpg",130,95,true],"full":["https:\/\/elregionaldigital.info\/wp-content\/uploads\/2024\/06\/Christian-Nodal-200-1.jpg",1428,2000,false]},"_links":{"self":[{"href":"https:\/\/elregionaldigital.info\/index.php?rest_route=\/wp\/v2\/posts\/2693","targetHints":{"allow":["GET"]}}],"collection":[{"href":"https:\/\/elregionaldigital.info\/index.php?rest_route=\/wp\/v2\/posts"}],"about":[{"href":"https:\/\/elregionaldigital.info\/index.php?rest_route=\/wp\/v2\/types\/post"}],"author":[{"embeddable":true,"href":"https:\/\/elregionaldigital.info\/index.php?rest_route=\/wp\/v2\/users\/1"}],"replies":[{"embeddable":true,"href":"https:\/\/elregionaldigital.info\/index.php?rest_route=%2Fwp%2Fv2%2Fcomments&post=2693"}],"version-history":[{"count":1,"href":"https:\/\/elregionaldigital.info\/index.php?rest_route=\/wp\/v2\/posts\/2693\/revisions"}],"predecessor-version":[{"id":2696,"href":"https:\/\/elregionaldigital.info\/index.php?rest_route=\/wp\/v2\/posts\/2693\/revisions\/2696"}],"wp:featuredmedia":[{"embeddable":true,"href":"https:\/\/elregionaldigital.info\/index.php?rest_route=\/wp\/v2\/media\/2695"}],"wp:attachment":[{"href":"https:\/\/elregionaldigital.info\/index.php?rest_route=%2Fwp%2Fv2%2Fmedia&parent=2693"}],"wp:term":[{"taxonomy":"category","embeddable":true,"href":"https:\/\/elregionaldigital.info\/index.php?rest_route=%2Fwp%2Fv2%2Fcategories&post=2693"},{"taxonomy":"post_tag","embeddable":true,"href":"https:\/\/elregionaldigital.info\/index.php?rest_route=%2Fwp%2Fv2%2Ftags&post=2693"}],"curies":[{"name":"wp","href":"https:\/\/api.w.org\/{rel}","templated":true}]}}